{"id":221788,"date":"2026-01-09T09:07:07","date_gmt":"2026-01-09T09:07:07","guid":{"rendered":"https:\/\/www.europesays.com\/pt\/221788\/"},"modified":"2026-01-09T09:07:07","modified_gmt":"2026-01-09T09:07:07","slug":"munir-el-haddadi-anuncia-noivado-com-ex-de-antigo-avancado-do-benfica","status":"publish","type":"post","link":"https:\/\/www.europesays.com\/pt\/221788\/","title":{"rendered":"Munir El Haddadi anuncia noivado com \u00abex\u00bb de antigo avan\u00e7ado do Benfica"},"content":{"rendered":"<p>Munir El Haddadi anunciou, esta quinta-feira, que est\u00e1 noivo de Mar\u00eda Mart\u00ednez, ex-namorada do compatriota e antigo avan\u00e7ado do Benfica, Rodrigo Moreno.<\/p>\n<p>Atrav\u00e9s das redes sociais, os dois partilharam fotografias do dia do casamento e da cerim\u00f3nia, ao estilo marroquino. De resto, o jogador de 30 anos nasceu em Espanha, mas soma 11 internacionaliza\u00e7\u00f5es pela sele\u00e7\u00e3o principal de Marrocos.<\/p>\n<p>Recorde-se que ambos partilharam balne\u00e1rio durante a temporada de 2016\/17, quando jogavam no Val\u00eancia. Atualmente nos iranianos do Esteghlal, equipa orientada por Ricardo S\u00e1 Pinto, Munir soma um golo e uma assist\u00eancia em seis jogos pelo conjunto iraniano.<\/p>\n<p><strong>Assista aqui ao momento:<\/strong>\u00a0<\/p>\n<blockquote class=\"instagram-media\" data-instgrm-captioned=\"\" data-instgrm-permalink=\"https:\/\/www.instagram.com\/p\/DTNTUt0ime3\/?utm_source=ig_embed&amp;utm_campaign=loading\" data-instgrm-version=\"14\" style=\" background:#FFF; border:0; border-radius:3px; box-shadow:0 0 1px 0 rgba(0,0,0,0.5),0 1px 10px 0 rgba(0,0,0,0.15); margin: 1px; max-width:540px; min-width:326px; padding:0; width:99.375%; width:-webkit-calc(100% - 2px); width:calc(100% - 2px);\">\n<\/blockquote>\n<p>                                <script async src=\"\/\/www.instagram.com\/embed.js\"><\/script><\/p>\n","protected":false},"excerpt":{"rendered":"Munir El Haddadi anunciou, esta quinta-feira, que est\u00e1 noivo de Mar\u00eda Mart\u00ednez, ex-namorada do compatriota e antigo avan\u00e7ado&hellip;\n","protected":false},"author":2,"featured_media":221789,"comment_status":"","ping_status":"","sticky":false,"template":"","format":"standard","meta":{"footnotes":""},"categories":[87],"tags":[51,135,42863,46,7660,42861,32,33,47,42862,134],"class_list":{"0":"post-221788","1":"post","2":"type-post","3":"status-publish","4":"format-standard","5":"has-post-thumbnail","7":"category-desporto","8":"tag-benfica","9":"tag-desporto","10":"tag-esteghlal-fc","11":"tag-maisfutebol","12":"tag-mf-social","13":"tag-munir-el-haddadi","14":"tag-portugal","15":"tag-pt","16":"tag-pura-paixao","17":"tag-rodrigo-moreno","18":"tag-sports"},"share_on_mastodon":{"url":"https:\/\/pubeurope.com\/@pt\/115864354423557349","error":""},"_links":{"self":[{"href":"https:\/\/www.europesays.com\/pt\/wp-json\/wp\/v2\/posts\/221788","targetHints":{"allow":["GET"]}}],"collection":[{"href":"https:\/\/www.europesays.com\/pt\/wp-json\/wp\/v2\/posts"}],"about":[{"href":"https:\/\/www.europesays.com\/pt\/wp-json\/wp\/v2\/types\/post"}],"author":[{"embeddable":true,"href":"https:\/\/www.europesays.com\/pt\/wp-json\/wp\/v2\/users\/2"}],"replies":[{"embeddable":true,"href":"https:\/\/www.europesays.com\/pt\/wp-json\/wp\/v2\/comments?post=221788"}],"version-history":[{"count":0,"href":"https:\/\/www.europesays.com\/pt\/wp-json\/wp\/v2\/posts\/221788\/revisions"}],"wp:featuredmedia":[{"embeddable":true,"href":"https:\/\/www.europesays.com\/pt\/wp-json\/wp\/v2\/media\/221789"}],"wp:attachment":[{"href":"https:\/\/www.europesays.com\/pt\/wp-json\/wp\/v2\/media?parent=221788"}],"wp:term":[{"taxonomy":"category","embeddable":true,"href":"https:\/\/www.europesays.com\/pt\/wp-json\/wp\/v2\/categories?post=221788"},{"taxonomy":"post_tag","embeddable":true,"href":"https:\/\/www.europesays.com\/pt\/wp-json\/wp\/v2\/tags?post=221788"}],"curies":[{"name":"wp","href":"https:\/\/api.w.org\/{rel}","templated":true}]}}