{"id":221790,"date":"2026-01-09T09:08:20","date_gmt":"2026-01-09T09:08:20","guid":{"rendered":"https:\/\/www.europesays.com\/pt\/221790\/"},"modified":"2026-01-09T09:08:20","modified_gmt":"2026-01-09T09:08:20","slug":"famosa-farmaceutica-influencer-acende-alerta-sobre-uso-diario-de-analgesicos","status":"publish","type":"post","link":"https:\/\/www.europesays.com\/pt\/221790\/","title":{"rendered":"Famosa farmac\u00eautica influencer acende alerta sobre uso di\u00e1rio de analg\u00e9sicos"},"content":{"rendered":"\n<p class=\" content-text__container \" data-track-category=\"Link no Texto\" data-track-links=\"\"> Anum, que tem mestrado e p\u00f3s-gradua\u00e7\u00e3o em farm\u00e1cia cl\u00ednica, demonstra uma preocupa\u00e7\u00e3o especial com analg\u00e9sicos: \u201cO que eu vejo sendo ignorado \u00e9 o uso de rem\u00e9dios como Paracetamol, ibuprofeno\u201d, diz. \u201cUsados por um curto prazo, para dores de cabe\u00e7a aqui e ali, tudo bem. Mas quando voc\u00ea depende deles para viver o dia-a-dia e fazer suas atividades, isso \u00e9 um problema se voc\u00ea n\u00e3o tiver sido examinado\u201d. <\/p>\n","protected":false},"excerpt":{"rendered":"Anum, que tem mestrado e p\u00f3s-gradua\u00e7\u00e3o em farm\u00e1cia cl\u00ednica, demonstra uma preocupa\u00e7\u00e3o especial com analg\u00e9sicos: \u201cO que eu&hellip;\n","protected":false},"author":2,"featured_media":221791,"comment_status":"","ping_status":"","sticky":false,"template":"","format":"standard","meta":{"footnotes":""},"categories":[86],"tags":[116,32,33,117],"class_list":{"0":"post-221790","1":"post","2":"type-post","3":"status-publish","4":"format-standard","5":"has-post-thumbnail","7":"category-saude","8":"tag-health","9":"tag-portugal","10":"tag-pt","11":"tag-saude"},"share_on_mastodon":{"url":"https:\/\/pubeurope.com\/@pt\/115864358320189908","error":""},"_links":{"self":[{"href":"https:\/\/www.europesays.com\/pt\/wp-json\/wp\/v2\/posts\/221790","targetHints":{"allow":["GET"]}}],"collection":[{"href":"https:\/\/www.europesays.com\/pt\/wp-json\/wp\/v2\/posts"}],"about":[{"href":"https:\/\/www.europesays.com\/pt\/wp-json\/wp\/v2\/types\/post"}],"author":[{"embeddable":true,"href":"https:\/\/www.europesays.com\/pt\/wp-json\/wp\/v2\/users\/2"}],"replies":[{"embeddable":true,"href":"https:\/\/www.europesays.com\/pt\/wp-json\/wp\/v2\/comments?post=221790"}],"version-history":[{"count":0,"href":"https:\/\/www.europesays.com\/pt\/wp-json\/wp\/v2\/posts\/221790\/revisions"}],"wp:featuredmedia":[{"embeddable":true,"href":"https:\/\/www.europesays.com\/pt\/wp-json\/wp\/v2\/media\/221791"}],"wp:attachment":[{"href":"https:\/\/www.europesays.com\/pt\/wp-json\/wp\/v2\/media?parent=221790"}],"wp:term":[{"taxonomy":"category","embeddable":true,"href":"https:\/\/www.europesays.com\/pt\/wp-json\/wp\/v2\/categories?post=221790"},{"taxonomy":"post_tag","embeddable":true,"href":"https:\/\/www.europesays.com\/pt\/wp-json\/wp\/v2\/tags?post=221790"}],"curies":[{"name":"wp","href":"https:\/\/api.w.org\/{rel}","templated":true}]}}