{"id":221792,"date":"2026-01-09T09:10:08","date_gmt":"2026-01-09T09:10:08","guid":{"rendered":"https:\/\/www.europesays.com\/pt\/221792\/"},"modified":"2026-01-09T09:10:08","modified_gmt":"2026-01-09T09:10:08","slug":"samsung-apresenta-tela-gigante-na-ces-que-pode-custar-mais-de-r-250-mil","status":"publish","type":"post","link":"https:\/\/www.europesays.com\/pt\/221792\/","title":{"rendered":"Samsung Apresenta Tela Gigante na CES Que Pode Custar Mais de R$ 250 Mil"},"content":{"rendered":"<p>&#13;<br \/>\n\t\t\t\t\t&#13;<\/p>\n<p>&#13;<br \/>\n\t\t\t\t\t\t\t&#13;<br \/>\n            Com o tamanho de tr\u00eas Smart TVs de 55 polegadas somadas, novo painel ultrapremium da marca transforma salas em galerias de arte imersivas    \t\t\t\t\t\t<\/p>\n<p>&#13;<br \/>\n\t\t\t\t\t\t&#13;<br \/>\n\t\t\t\t\t&#13;<\/p>\n<p>\t\t\t\t\t\t\t&#13;<br \/>\n\t\t<img width=\"678\" height=\"402\" src=\"https:\/\/www.europesays.com\/pt\/wp-content\/uploads\/2026\/01\/Samsung-TVs-and-Displays-Samsung-Micro-RGB-TV_dl2-768x455.jpg\" class=\"attachment-medium_large size-medium_large wp-post-image\" alt=\"\" decoding=\"async\" fetchpriority=\"high\"\/>\t\t&#13;<br \/>\n\t\t\tA TV ainda n\u00e3o tem um pre\u00e7o oficial, mas a estimativa \u00e9 de que ela custe mais de R$ 250 mil.&#13;<\/p>\n<p>Acessibilidade<\/p>\n<p>&#13;<br \/>\n\t\t\tL&#13;<br \/>\n\t\t\tL&#13;<br \/>\n\t\t\tA-&#13;<br \/>\n\t\t\tA+&#13;<br \/>\n\t\t\t&#13;<br \/>\n\t\t\t\u25d0&#13;<br \/>\n\t\t\t&#13;\n\t\t<\/p>\n<p>A <strong>Samsung<\/strong> aproveitou os holofotes da <strong>CES 2026, <\/strong>em Las Vegas, para apresentar sua aposta mais ambiciosa para o mercado de luxo: a primeira TV de 130 polegadas equipada com a nova gera\u00e7\u00e3o da tecnologia de cores da marca. O aparelho foi projetado para ocupar o espa\u00e7o de uma parede inteira, funcionando menos como um eletr\u00f4nico comum e mais como uma \u201cjanela\u201d imersiva que amplia visualmente qualquer ambiente. A TV ainda n\u00e3o tem um pre\u00e7o oficial, mas a estimativa \u00e9 de que ela custe mais de R$ 250 mil.<\/p>\n<p>Inspirada em molduras de grandes galerias, a tela parece flutuar dentro de sua estrutura, escondendo um sistema de som potente que sai diretamente das bordas. Al\u00e9m do tamanho colossal, a intelig\u00eancia artificial da nova linha atua nos bastidores para garantir que a imagem seja cristalina mesmo em ambientes muito claros, eliminando reflexos e ajustando as cores em tempo real para que a experi\u00eancia de assistir a um filme seja id\u00eantica \u00e0 de um cinema profissional.<\/p>\n<p>Leia tamb\u00e9m<\/p>\n<p>De acordo com <strong>Guilherme Campos, Diretor de Produtos da Samsung<\/strong>, a tela, que \u00e9 a maior com essa tecnologia, usa o sistema Micro RGB que utiliza nanotecnologia para amplificar a nitidez. Este \u00e9 um segmento com alta demanda e que muda totalmente a experi\u00eancia de imers\u00e3o em uma TV em casa, majoritariamente ela \u00e9 escolhida pelo consumidor que quer equipar sua resid\u00eancia\u201d. Ainda sem data para chegar no Brasil, a tecnologia refor\u00e7a, de acordo com Guilherme, aa estrat\u00e9gia da marca de trazer ainda mais tecnologia embarcada.<\/p>\n<p>Escolhas do editor<\/p>\n<p>Siga o canal da <a href=\"https:\/\/whatsapp.com\/channel\/0029Va9gQKwBFLgM96cJnu0u\" target=\"_blank\" rel=\"noopener noreferrer nofollow\" title=\"Grupo da Forbes no WhatsApp\">Forbes<\/a> no WhatsApp e receba as principais not\u00edcias de empreendedorismo, carreira, tecnologia, agro e lifestyle.<br \/>\n\t\t\t\t\t&#13;<br \/>\n\t\t\t\t\t \t\t\t\t\t  &#13;<\/p>\n","protected":false},"excerpt":{"rendered":"&#13; &#13; &#13; &#13; Com o tamanho de tr\u00eas Smart TVs de 55 polegadas somadas, novo painel ultrapremium&hellip;\n","protected":false},"author":2,"featured_media":221793,"comment_status":"","ping_status":"","sticky":false,"template":"","format":"standard","meta":{"footnotes":""},"categories":[84],"tags":[109,107,108,32,33,105,103,104,106,110],"class_list":{"0":"post-221792","1":"post","2":"type-post","3":"status-publish","4":"format-standard","5":"has-post-thumbnail","7":"category-ciencia-e-tecnologia","8":"tag-ciencia","9":"tag-ciencia-e-tecnologia","10":"tag-cienciaetecnologia","11":"tag-portugal","12":"tag-pt","13":"tag-science","14":"tag-science-and-technology","15":"tag-scienceandtechnology","16":"tag-technology","17":"tag-tecnologia"},"share_on_mastodon":{"url":"https:\/\/pubeurope.com\/@pt\/115864366169329850","error":""},"_links":{"self":[{"href":"https:\/\/www.europesays.com\/pt\/wp-json\/wp\/v2\/posts\/221792","targetHints":{"allow":["GET"]}}],"collection":[{"href":"https:\/\/www.europesays.com\/pt\/wp-json\/wp\/v2\/posts"}],"about":[{"href":"https:\/\/www.europesays.com\/pt\/wp-json\/wp\/v2\/types\/post"}],"author":[{"embeddable":true,"href":"https:\/\/www.europesays.com\/pt\/wp-json\/wp\/v2\/users\/2"}],"replies":[{"embeddable":true,"href":"https:\/\/www.europesays.com\/pt\/wp-json\/wp\/v2\/comments?post=221792"}],"version-history":[{"count":0,"href":"https:\/\/www.europesays.com\/pt\/wp-json\/wp\/v2\/posts\/221792\/revisions"}],"wp:featuredmedia":[{"embeddable":true,"href":"https:\/\/www.europesays.com\/pt\/wp-json\/wp\/v2\/media\/221793"}],"wp:attachment":[{"href":"https:\/\/www.europesays.com\/pt\/wp-json\/wp\/v2\/media?parent=221792"}],"wp:term":[{"taxonomy":"category","embeddable":true,"href":"https:\/\/www.europesays.com\/pt\/wp-json\/wp\/v2\/categories?post=221792"},{"taxonomy":"post_tag","embeddable":true,"href":"https:\/\/www.europesays.com\/pt\/wp-json\/wp\/v2\/tags?post=221792"}],"curies":[{"name":"wp","href":"https:\/\/api.w.org\/{rel}","templated":true}]}}