{"id":221794,"date":"2026-01-09T09:11:09","date_gmt":"2026-01-09T09:11:09","guid":{"rendered":"https:\/\/www.europesays.com\/pt\/221794\/"},"modified":"2026-01-09T09:11:09","modified_gmt":"2026-01-09T09:11:09","slug":"condenado-por-roubar-9-euros-e-maco-de-tabaco-em-frente-a-bar-em-braga","status":"publish","type":"post","link":"https:\/\/www.europesays.com\/pt\/221794\/","title":{"rendered":"Condenado por roubar 9 euros e ma\u00e7o de tabaco em frente a bar em Braga"},"content":{"rendered":"<p>O Tribunal de Braga condenou a dois anos e tr\u00eas meses de pris\u00e3o, um homem de 42 anos, por, em 2021, ter roubado um cidad\u00e3o em Braga, mas suspendeu, por tr\u00eas anos e seis meses a execu\u00e7\u00e3o da pena.<\/p>\n<p>&#13;<br \/>\n&#13;<br \/>\n&#13;<\/p>\n<p>O coletivo de ju\u00edzes agravou a aplicada a Lu\u00eds P., de Vila Nova de Gaia mas a residir em Aveiro, por ser reincidente e ter sido condenado mais de uma dezena de vezes por v\u00e1rios crimes. E cumpriu pena at\u00e9 julho de 2025.<\/p>\n<p>No entanto, decidiu dar-lhe uma nova oportunidade, tendo em aten\u00e7\u00e3o, entre outros motivos, que, em sede de julgamento, o arguido confessou e dirigiu um pedido de desculpas ao ofendido Jos\u00e9 N. \u2013 que aceitou \u2013, bem como entregou-lhe 20 euros em numer\u00e1rio, para o ressarcir do preju\u00edzo sofrido.<\/p>\n<p>Em julgamento ficou provado que, no dia 19 de setembro de 2021, pelas 00:05, o arguido Lu\u00eds P. abeirou-se do ofendido quando este sa\u00eda do estabelecimento \u201cPub&amp;Bar Paradise\u201d, sito na Rua Fonte do Mundo, em Braga, e, em tom intimidat\u00f3rio, dirigiu-se-lhe dizendo querer \u201ctr\u00eas euros\u201d.<\/p>\n<p>Temendo pela sua integridade f\u00edsica, \u2013 diz o ac\u00f3rd\u00e3o judicial \u2013 o ofendido anuiu e pegou na carteira a fim de dali retirar a exigida quantia, que entregou ao arguido.<\/p>\n<p>J\u00e1 na posse de tal quantia, o arguido disse-lhe \u201cN\u00e3o queres ter problemas, pois n\u00e3o?\u201d e, ato cont\u00ednuo, arrancou-lhe a carteira da m\u00e3o, cujo conte\u00fado monet\u00e1rio retirou, devolvendo-lha, bem como agarrou no ma\u00e7o de tabaco que o ofendido acabara de comprar.<\/p>\n<p>Na posse das moedas \u2013 um total de nove euros \u2013 e do referido ma\u00e7o, que fez seus, o arguido colocou-se em fuga.<\/p>\n<p>E conclui a senten\u00e7a: \u201cO arguido sabia que n\u00e3o podia retirar os bens e valores pertencentes ao ofendido, sem a sua autoriza\u00e7\u00e3o e contra a sua vontade, para o que usou da sua superioridade f\u00edsica e concretizou pela amea\u00e7a de uso de viol\u00eancia a exercer sobre aquele, bem sabendo que fazia seus os bens acima descritos, que n\u00e3o lhe pertenciam\u201d.<\/p>\n","protected":false},"excerpt":{"rendered":"O Tribunal de Braga condenou a dois anos e tr\u00eas meses de pris\u00e3o, um homem de 42 anos,&hellip;\n","protected":false},"author":2,"featured_media":221795,"comment_status":"","ping_status":"","sticky":false,"template":"","format":"standard","meta":{"footnotes":""},"categories":[83],"tags":[88,89,90,32,33],"class_list":{"0":"post-221794","1":"post","2":"type-post","3":"status-publish","4":"format-standard","5":"has-post-thumbnail","7":"category-empresas","8":"tag-business","9":"tag-economy","10":"tag-empresas","11":"tag-portugal","12":"tag-pt"},"share_on_mastodon":{"url":"https:\/\/pubeurope.com\/@pt\/115864370086094699","error":""},"_links":{"self":[{"href":"https:\/\/www.europesays.com\/pt\/wp-json\/wp\/v2\/posts\/221794","targetHints":{"allow":["GET"]}}],"collection":[{"href":"https:\/\/www.europesays.com\/pt\/wp-json\/wp\/v2\/posts"}],"about":[{"href":"https:\/\/www.europesays.com\/pt\/wp-json\/wp\/v2\/types\/post"}],"author":[{"embeddable":true,"href":"https:\/\/www.europesays.com\/pt\/wp-json\/wp\/v2\/users\/2"}],"replies":[{"embeddable":true,"href":"https:\/\/www.europesays.com\/pt\/wp-json\/wp\/v2\/comments?post=221794"}],"version-history":[{"count":0,"href":"https:\/\/www.europesays.com\/pt\/wp-json\/wp\/v2\/posts\/221794\/revisions"}],"wp:featuredmedia":[{"embeddable":true,"href":"https:\/\/www.europesays.com\/pt\/wp-json\/wp\/v2\/media\/221795"}],"wp:attachment":[{"href":"https:\/\/www.europesays.com\/pt\/wp-json\/wp\/v2\/media?parent=221794"}],"wp:term":[{"taxonomy":"category","embeddable":true,"href":"https:\/\/www.europesays.com\/pt\/wp-json\/wp\/v2\/categories?post=221794"},{"taxonomy":"post_tag","embeddable":true,"href":"https:\/\/www.europesays.com\/pt\/wp-json\/wp\/v2\/tags?post=221794"}],"curies":[{"name":"wp","href":"https:\/\/api.w.org\/{rel}","templated":true}]}}