{"id":221798,"date":"2026-01-09T09:14:20","date_gmt":"2026-01-09T09:14:20","guid":{"rendered":"https:\/\/www.europesays.com\/pt\/221798\/"},"modified":"2026-01-09T09:14:20","modified_gmt":"2026-01-09T09:14:20","slug":"enfermeira-diretora-do-amadora-sintra-demite-se-observador","status":"publish","type":"post","link":"https:\/\/www.europesays.com\/pt\/221798\/","title":{"rendered":"Enfermeira Diretora do Amadora-Sintra demite-se \u2013 Observador"},"content":{"rendered":"<p>Com a situa\u00e7\u00e3o cr\u00edtica na urg\u00eancia Geral do Hospital Fernando Fonseca a persistir, a Enfermeira-Diretora da ULS Amadora-Sintra apresentou a <strong>demiss\u00e3o<\/strong>, anunciou esta quinta-feira a ULS, em comunicado. Lu\u00edsa Ximenez justificou a ren\u00fancia ao cargo com a falta de condi\u00e7\u00f5es para continuar em fun\u00e7\u00f5es. Tamb\u00e9m os mais de 100 enfermeiros que trabalham no Servi\u00e7o de Urg\u00eancia Geral apresentaram escusas de responsabilidade perante a press\u00e3o a que o servi\u00e7o tem sido sujeito, com utentes a esperarem mais de 15 horas pela primeira observa\u00e7\u00e3o m\u00e9dica.<\/p>\n<p>\u201cO Conselho de Administra\u00e7\u00e3o da Unidade Local de Sa\u00fade de Amadora\/Sintra informa que a Enfermeira Diretora apresentou ontem \u00e0 tutela o seu pedido de ren\u00fancia ao cargo. Esta decis\u00e3o fundamenta-se na inexist\u00eancia de condi\u00e7\u00f5es para a continuidade do exerc\u00edcio de fun\u00e7\u00f5es, apesar dos esfor\u00e7os desenvolvidos pelo Conselho de Administra\u00e7\u00e3o\u201d, refere a ULS, em comunicado.<\/p>\n<p>Numa mensagem enviada esta quarta-feira\u00a0aos enfermeiros e aos t\u00e9cnicos de a\u00e7\u00e3o m\u00e9dica da ULS Amadora-Sintra, Lu\u00edsa Ximenez explica \u201cque a decis\u00e3o fundamenta-se n<strong>a inexist\u00eancia de condi\u00e7\u00f5es para a continuidade do exerc\u00edcio destas fun\u00e7\u00f5es<\/strong> apesar dos esfor\u00e7os desenvolvidos num CA cujo Presidente foi demitido, h\u00e1 mais de dois meses, sem que tenha sido ainda assegurada a sua substitui\u00e7\u00e3o\u201d.<\/p>\n<blockquote class=\"wp-embedded-content\" data-secret=\"guR9VQUeBz\">\n<p><a href=\"https:\/\/observador.pt\/2026\/01\/06\/situacao-critica-no-amadora-sintra-leva-chefe-da-equipa-de-urgencia-a-abandonar-cargo\/\" rel=\"nofollow noopener\" target=\"_blank\">\u201cSitua\u00e7\u00e3o cr\u00edtica\u201d no Amadora-Sintra leva chefe da equipa de Urg\u00eancia a abandonar cargo<\/a><\/p>\n<\/blockquote>\n<p>Ao mesmo tempo, os enfermeiros que trabalham no servi\u00e7o de Urg\u00eancia \u2014 mais de 100 ao todo, segundo avan\u00e7ou ao Observador fonte oficial da ULS Amadora-Sintra \u2014 apresentaram tamb\u00e9m <strong>escusas de responsabilidade<\/strong>. Em comunicado, o Conselho de Administra\u00e7\u00e3o admite a\u00a0 \u201celevada press\u00e3o assistencial vivida no Servi\u00e7o de Urg\u00eancia Geral\u201d e aponta o dedo \u00e0 tutela, pela demora na substitui\u00e7\u00e3o dos elementos do CA (demission\u00e1rios desde novembro) e pela falta de aprova\u00e7\u00e3o de um plano que, sublinha a ULS, permitiria reorganizar o servi\u00e7o de urg\u00eancia.<\/p>\n<p>\u201cAtendendo a estas circunst\u00e2ncias, o Presidente do Conselho de Administra\u00e7\u00e3o tem vindo, desde novembro, a solicitar de forma reiterada \u00e0 tutela a sua r\u00e1pida substitui\u00e7\u00e3o, de modo a garantir as condi\u00e7\u00f5es de governabilidade de uma institui\u00e7\u00e3o com a complexidade da ULS Amadora\/Sintra, o que at\u00e9 ao momento n\u00e3o se verificou\u201d, acusa a ULS, acrescentando que \u201cas dificuldades de funcionamento do SUG foram antecipadas desde setembro de 2025, tendo o Conselho de Administra\u00e7\u00e3o apresentado \u00e0 tutela um plano de reorganiza\u00e7\u00e3o estrutural do servi\u00e7o, que aguarda aprova\u00e7\u00e3o\u201d, plano esse que inclui a cria\u00e7\u00e3o de um Centro de Responsabilidade Integrado (CRI), com vista a uma maior estabilidade das equipas, valoriza\u00e7\u00e3o diferenciada dos profissionais, melhoria do desempenho assistencial e refor\u00e7o da seguran\u00e7a dos cuidados prestados.<\/p>\n","protected":false},"excerpt":{"rendered":"Com a situa\u00e7\u00e3o cr\u00edtica na urg\u00eancia Geral do Hospital Fernando Fonseca a persistir, a Enfermeira-Diretora da ULS Amadora-Sintra&hellip;\n","protected":false},"author":2,"featured_media":201108,"comment_status":"","ping_status":"","sticky":false,"template":"","format":"standard","meta":{"footnotes":""},"categories":[8],"tags":[27,28,15,16,14,2648,30264,25,26,21,22,12,13,19,20,57,32,23,24,33,2946,1209,58,17,18,29,30,31],"class_list":{"0":"post-221798","1":"post","2":"type-post","3":"status-publish","4":"format-standard","5":"has-post-thumbnail","7":"category-principais-noticias","8":"tag-breaking-news","9":"tag-breakingnews","10":"tag-featured-news","11":"tag-featurednews","12":"tag-headlines","13":"tag-hospitais","14":"tag-hospital-amadora-sintra","15":"tag-latest-news","16":"tag-latestnews","17":"tag-main-news","18":"tag-mainnews","19":"tag-news","20":"tag-noticias","21":"tag-noticias-principais","22":"tag-noticiasprincipais","23":"tag-pau00eds","24":"tag-portugal","25":"tag-principais-noticias","26":"tag-principaisnoticias","27":"tag-pt","28":"tag-sau00fade","29":"tag-serviu00e7o-nacional-de-sau00fade","30":"tag-sociedade","31":"tag-top-stories","32":"tag-topstories","33":"tag-ultimas","34":"tag-ultimas-noticias","35":"tag-ultimasnoticias"},"share_on_mastodon":{"url":"https:\/\/pubeurope.com\/@pt\/115864382058726304","error":""},"_links":{"self":[{"href":"https:\/\/www.europesays.com\/pt\/wp-json\/wp\/v2\/posts\/221798","targetHints":{"allow":["GET"]}}],"collection":[{"href":"https:\/\/www.europesays.com\/pt\/wp-json\/wp\/v2\/posts"}],"about":[{"href":"https:\/\/www.europesays.com\/pt\/wp-json\/wp\/v2\/types\/post"}],"author":[{"embeddable":true,"href":"https:\/\/www.europesays.com\/pt\/wp-json\/wp\/v2\/users\/2"}],"replies":[{"embeddable":true,"href":"https:\/\/www.europesays.com\/pt\/wp-json\/wp\/v2\/comments?post=221798"}],"version-history":[{"count":0,"href":"https:\/\/www.europesays.com\/pt\/wp-json\/wp\/v2\/posts\/221798\/revisions"}],"wp:featuredmedia":[{"embeddable":true,"href":"https:\/\/www.europesays.com\/pt\/wp-json\/wp\/v2\/media\/201108"}],"wp:attachment":[{"href":"https:\/\/www.europesays.com\/pt\/wp-json\/wp\/v2\/media?parent=221798"}],"wp:term":[{"taxonomy":"category","embeddable":true,"href":"https:\/\/www.europesays.com\/pt\/wp-json\/wp\/v2\/categories?post=221798"},{"taxonomy":"post_tag","embeddable":true,"href":"https:\/\/www.europesays.com\/pt\/wp-json\/wp\/v2\/tags?post=221798"}],"curies":[{"name":"wp","href":"https:\/\/api.w.org\/{rel}","templated":true}]}}