{"id":221811,"date":"2026-01-09T09:36:09","date_gmt":"2026-01-09T09:36:09","guid":{"rendered":"https:\/\/www.europesays.com\/pt\/221811\/"},"modified":"2026-01-09T09:36:09","modified_gmt":"2026-01-09T09:36:09","slug":"video-alvo-do-benfica-leva-raspanete-de-cristiano-ronaldo","status":"publish","type":"post","link":"https:\/\/www.europesays.com\/pt\/221811\/","title":{"rendered":"V\u00cdDEO: alvo do Benfica leva raspanete de Cristiano Ronaldo"},"content":{"rendered":"<p>J\u00e1 bem perto do final do Al Nassr-Al Qadsiah, <a href=\"https:\/\/maisfutebol.iol.pt\/internacional\/cristiano-ronaldo\/video-ronaldo-marca-mas-al-nassr-sofre-nova-derrota-na-liga\" rel=\"nofollow noopener\" target=\"_blank\"><strong>jogo que a equipa de Jorge Jesus perdeu por 2-1<\/strong><\/a>, Cristiano Ronaldo n\u00e3o escondeu a frustra\u00e7\u00e3o perante a a\u00e7\u00e3o (ou falta dela) de um companheiro de equipa.<\/p>\n<p>Wesley, extremo brasileiro que est\u00e1 a ser cobi\u00e7ado pelo Benfica, quase n\u00e3o se mexeu numa bola parada e o avan\u00e7ado portugu\u00eas n\u00e3o perdoou, explicando-lhe que deveria ter ocupado um espa\u00e7o livre que lhe permitiria chegar a um cabeceamento de outro jogador do Al Nassr.<\/p>\n<p><strong>O descontentamento de Cristiano Ronaldo \u00e9 bem not\u00f3rio no v\u00eddeo:<\/strong><\/p>\n","protected":false},"excerpt":{"rendered":"J\u00e1 bem perto do final do Al Nassr-Al Qadsiah, jogo que a equipa de Jorge Jesus perdeu por&hellip;\n","protected":false},"author":2,"featured_media":221812,"comment_status":"","ping_status":"","sticky":false,"template":"","format":"standard","meta":{"footnotes":""},"categories":[87],"tags":[685,1145,51,667,135,82,436,46,32,33,47,134,21912],"class_list":{"0":"post-221811","1":"post","2":"type-post","3":"status-publish","4":"format-standard","5":"has-post-thumbnail","7":"category-desporto","8":"tag-al-nassr","9":"tag-arabia-saudita","10":"tag-benfica","11":"tag-cristiano-ronaldo","12":"tag-desporto","13":"tag-internacional","14":"tag-made-in","15":"tag-maisfutebol","16":"tag-portugal","17":"tag-pt","18":"tag-pura-paixao","19":"tag-sports","20":"tag-wesley"},"share_on_mastodon":{"url":"https:\/\/pubeurope.com\/@pt\/115864468374139204","error":""},"_links":{"self":[{"href":"https:\/\/www.europesays.com\/pt\/wp-json\/wp\/v2\/posts\/221811","targetHints":{"allow":["GET"]}}],"collection":[{"href":"https:\/\/www.europesays.com\/pt\/wp-json\/wp\/v2\/posts"}],"about":[{"href":"https:\/\/www.europesays.com\/pt\/wp-json\/wp\/v2\/types\/post"}],"author":[{"embeddable":true,"href":"https:\/\/www.europesays.com\/pt\/wp-json\/wp\/v2\/users\/2"}],"replies":[{"embeddable":true,"href":"https:\/\/www.europesays.com\/pt\/wp-json\/wp\/v2\/comments?post=221811"}],"version-history":[{"count":0,"href":"https:\/\/www.europesays.com\/pt\/wp-json\/wp\/v2\/posts\/221811\/revisions"}],"wp:featuredmedia":[{"embeddable":true,"href":"https:\/\/www.europesays.com\/pt\/wp-json\/wp\/v2\/media\/221812"}],"wp:attachment":[{"href":"https:\/\/www.europesays.com\/pt\/wp-json\/wp\/v2\/media?parent=221811"}],"wp:term":[{"taxonomy":"category","embeddable":true,"href":"https:\/\/www.europesays.com\/pt\/wp-json\/wp\/v2\/categories?post=221811"},{"taxonomy":"post_tag","embeddable":true,"href":"https:\/\/www.europesays.com\/pt\/wp-json\/wp\/v2\/tags?post=221811"}],"curies":[{"name":"wp","href":"https:\/\/api.w.org\/{rel}","templated":true}]}}