{"id":221820,"date":"2026-01-09T09:44:18","date_gmt":"2026-01-09T09:44:18","guid":{"rendered":"https:\/\/www.europesays.com\/pt\/221820\/"},"modified":"2026-01-09T09:44:18","modified_gmt":"2026-01-09T09:44:18","slug":"aos-24-anos-neta-de-carlos-alberto-de-nobrega-revela-diagnostico-de-cancer-de-mama-terra","status":"publish","type":"post","link":"https:\/\/www.europesays.com\/pt\/221820\/","title":{"rendered":"Aos 24 anos, neta de Carlos Alberto de N\u00f3brega revela diagn\u00f3stico de c\u00e2ncer de mama &#8211; Terra"},"content":{"rendered":"<ol>\n<li><a href=\"https:\/\/news.google.com\/rss\/articles\/CBMi_AFBVV95cUxNU2lMRGl1bVNWN1NpTGJlb1hsQVVXaFV5THBJMDNELUh5TjhNQlNxbElZVFk3cHdFcTNnbnJoODk5UklhcjNLUkhmdHl5VXN4VFRTaGp4ZjdIcUxyWXhETm54ZkhURHJTd3Q5M3ozSGFxUWw0S2otcnZsZFpYcnJEbkJIeFJySnd5ZTZLVFNFcnlpTnJqeENjbXUzQnZlMGRzcWVDazJaX21SSXVydkRoSHdSNnRPNUhpUXBFZ1EyWXRrb2FBc25GdmdJWGhFSmhtRkhUSzM5Wlo1c0t4dE4yelhCWkpFbVpPXy04S2ZGNFJ2MFd2c3lxLUJ2NVA?oc=5\" target=\"_blank\" rel=\"nofollow noopener\">Aos 24 anos, neta de Carlos Alberto de N\u00f3brega revela diagn\u00f3stico de c\u00e2ncer de mama<\/a>&nbsp;&nbsp;Terra<\/li>\n<li><a href=\"https:\/\/news.google.com\/rss\/articles\/CBMiuAFBVV95cUxNQ1M3YUcwc1RtY3pCUTlnN2o3bmloYWtERk9nZTV4eHhjT0RDOU1WUzM3Rk11NlFVa2lGVHF4VEhUUjhlajVSTGU3a1VMdDBkaENLYVdJNHRvVjdYeFktSHVmaUFQZF9ySGV5VDFXMjRxYmxOQWtBNm15aDRMWXNhWW9PN3FLbUdBQU5idERzdG5ndFJHb21PcktLaVJzcTQxUlRKeVB2NGs0SHZsRXFZVVlMbmRVUG9t?oc=5\" target=\"_blank\" rel=\"nofollow noopener\">Neta de Carlos Alberto de N\u00f3brega \u00e9 diagnosticada com c\u00e2ncer aos 24 anos<\/a>&nbsp;&nbsp;CNN Brasil<\/li>\n<li><a href=\"https:\/\/news.google.com\/rss\/articles\/CBMipwFBVV95cUxPUnZvcTktZDRRUVp0SUhjYnVoZ1p2Z3V3akpRYXZNcTRZMndhSlR4ZFhpNXdKOU1oQjRrRVlNVU55THlha3NTeTdManRrX3BNM1RJNzg4M2k5VmZaTVZ2a29QQjhYak1XaFowWFpySU9iSHVKeXp4T1FRcTU2NEtDY0pwOS04VlVjaUpoX3lCenl3ZnA0c3Z1SS1Sb0dRdF9BVW4xWHZpWQ?oc=5\" target=\"_blank\" rel=\"nofollow noopener\">Neta de Carlos Alberto de N\u00f3brega recebe diagn\u00f3stico de c\u00e2ncer aos 24 anos<\/a>&nbsp;&nbsp;uol.com.br<\/li>\n<li><a href=\"https:\/\/news.google.com\/rss\/articles\/CBMipwJBVV95cUxNS2NRMXJ3bXlYU0FDYy1BSWEwOTNyNl9RaE0wVE1pYnl1MGNEbzNpNzlCQUM4dG8tTmZJTEFBWi1Ka1FDNjgxRFM1Y3R5cndHWTYyNmN5RVlQdjY4X0QyTnhaYmFfWE9XRVI4QXJ2a2JYb2RBS21iRVFDYlp0T1pLYl9nTDhBd1hZZmFOUGlmNE9Camdsdy1WOFRSaEFqUll5dHdQZzY1SDdFcjlsYkYwZXk4WG1CQlhCWjIwYXRaQ1JyWk1fRFUzNklfdlFHZXdzM3JRQVo2ZndoU0daaVZweHFVTGxCMTJoU2Z5OTMtb0Q3ZVlXRFJXdDc3djk2SFEwV1lKSmtLSDZBUW14cFpHTV9mWmlFVktYanU3emlhb09hMEc2N0RZ?oc=5\" target=\"_blank\" rel=\"nofollow noopener\">Influenciadora Bruna Furlan, neta de Carlos Alberto de N\u00f3brega, compartilha diagn\u00f3stico de c\u00e2ncer de mama aos 24 anos<\/a>&nbsp;&nbsp;GZH<\/li>\n<li><a href=\"https:\/\/news.google.com\/rss\/articles\/CBMihwJBVV95cUxNYXVLdnpvSF9tRjAzc1BIaHV4N2pFWjgzakNOVWhCTHMxRkxtNFZEYlNoZlNhcFBuX2w5NjhqSWZKeTRxWlZseU9yNENwaUlvT2UzbHJ5TUlSOGVBOHhCNGJZaTBMcmdJTkd6ZmpndF94UUt1cVZaNUZXSHJzVTdodVFyeTh4LUVqYjBnZWJpSkV1RGstZGlFZm53LTNkQmZ5T0R5ZjNWLUZRZ19WTmw4WFROUmhrMlhYU3V1aGc1N2FHTzdkdTM2YTdscVAzTmJpOElBV0RKWGRCVzRiLUIzUzBEdWJjVjNOc1BXOGFaNnJ5QTdwZ2VKczgxWl9mclJja3BScmRSTdIBlgJBVV95cUxPbDJKZWdsWlpuWlJ0dmhiMzZlc0F6d0YzUEcydk5MMWlKWVNaamVKUjZHVVhkUFlMLUktb1FkVEZkU3ZVdGNZR3J3c2NoWlVLWF9VZ3c0ODFwRE0zbnYzRmhGeFNhSklHTTVMeVNGVzNCT09PYjVvSXBTVnBUOVRDdDYxc3hxWUxMZmYyRkRRWnNhTFZ0R2hLWWJFRHpScXR0VWxfR2tSNGFiOUlIdHBQNkM1d2JOX3VnY1dQR2lIYmJuSEg0UEdVVlVtYUFLT1hrTEplSXQ4YnBOM2l6Ri13SkhfT3VVWlhZcDhxa0JsaDA4Y2t0UzNBYkN2bEdXa0lVZHpsRUFBVDFQSnA1eEZmZnNCR0pJdw?oc=5\" target=\"_blank\" rel=\"nofollow noopener\">Neta de Carlos Alberto de N\u00f3brega: entenda por que os casos de c\u00e2ncer de mama s\u00e3o cada vez mais comuns em mulheres jovens<\/a>&nbsp;&nbsp;O Globo<\/li>\n<\/ol>\n","protected":false},"excerpt":{"rendered":"Aos 24 anos, neta de Carlos Alberto de N\u00f3brega revela diagn\u00f3stico de c\u00e2ncer de mama&nbsp;&nbsp;Terra Neta de Carlos&hellip;\n","protected":false},"author":2,"featured_media":196976,"comment_status":"","ping_status":"","sticky":false,"template":"","format":"standard","meta":{"footnotes":""},"categories":[145],"tags":[211,210,114,115,32,33],"class_list":{"0":"post-221820","1":"post","2":"type-post","3":"status-publish","4":"format-standard","5":"has-post-thumbnail","7":"category-celebridades","8":"tag-celebridades","9":"tag-celebrities","10":"tag-entertainment","11":"tag-entretenimento","12":"tag-portugal","13":"tag-pt"},"share_on_mastodon":{"url":"https:\/\/pubeurope.com\/@pt\/115864499818571647","error":""},"_links":{"self":[{"href":"https:\/\/www.europesays.com\/pt\/wp-json\/wp\/v2\/posts\/221820","targetHints":{"allow":["GET"]}}],"collection":[{"href":"https:\/\/www.europesays.com\/pt\/wp-json\/wp\/v2\/posts"}],"about":[{"href":"https:\/\/www.europesays.com\/pt\/wp-json\/wp\/v2\/types\/post"}],"author":[{"embeddable":true,"href":"https:\/\/www.europesays.com\/pt\/wp-json\/wp\/v2\/users\/2"}],"replies":[{"embeddable":true,"href":"https:\/\/www.europesays.com\/pt\/wp-json\/wp\/v2\/comments?post=221820"}],"version-history":[{"count":0,"href":"https:\/\/www.europesays.com\/pt\/wp-json\/wp\/v2\/posts\/221820\/revisions"}],"wp:featuredmedia":[{"embeddable":true,"href":"https:\/\/www.europesays.com\/pt\/wp-json\/wp\/v2\/media\/196976"}],"wp:attachment":[{"href":"https:\/\/www.europesays.com\/pt\/wp-json\/wp\/v2\/media?parent=221820"}],"wp:term":[{"taxonomy":"category","embeddable":true,"href":"https:\/\/www.europesays.com\/pt\/wp-json\/wp\/v2\/categories?post=221820"},{"taxonomy":"post_tag","embeddable":true,"href":"https:\/\/www.europesays.com\/pt\/wp-json\/wp\/v2\/tags?post=221820"}],"curies":[{"name":"wp","href":"https:\/\/api.w.org\/{rel}","templated":true}]}}