{"id":221829,"date":"2026-01-09T09:54:09","date_gmt":"2026-01-09T09:54:09","guid":{"rendered":"https:\/\/www.europesays.com\/pt\/221829\/"},"modified":"2026-01-09T09:54:09","modified_gmt":"2026-01-09T09:54:09","slug":"mutualista-montepio-confirma-saida-de-pedro-leitao-de-ceo-do-banco-banca-financas","status":"publish","type":"post","link":"https:\/\/www.europesays.com\/pt\/221829\/","title":{"rendered":"Mutualista Montepio confirma sa\u00edda de Pedro Leit\u00e3o de CEO do banco &#8211; Banca &#038; Finan\u00e7as"},"content":{"rendered":"<p class=\"\">&#13;<br \/>\n        A Associa\u00e7\u00e3o Mutualista Montepio confirma a sa\u00edda de Pedro Leit\u00e3o do cargo de CEO do\u00a0 Banco Montepio. &#13;\n    <\/p>\n<p class=\"\">&#13;<br \/>\n        \u201cAinda que o atual presidente da Comiss\u00e3o Executiva n\u00e3o integre a composi\u00e7\u00e3o futura dos \u00f3rg\u00e3os sociais, o Montepio Geral Associa\u00e7\u00e3o Mutualista reconhece o trabalho realizado e os resultados obtidos pela equipa que cessar\u00e1 fun\u00e7\u00f5es ap\u00f3s a pr\u00f3xima Assembleia Geral e que contribu\u00edram para o refor\u00e7o da solidez do Banco Montepio\u201d, diz ao Neg\u00f3cios a associa\u00e7\u00e3o dona do banco com o mesmo nome. &#13;\n    <\/p>\n<p class=\"\">&#13;<br \/>\n        Pedro Leit\u00e3o iniciou fun\u00e7\u00f5es como CEO do Banco Montepio em 2020 vindo da comiss\u00e3o executiva do Banco Atl\u00e2ntico Europa. Foi reconduzido em 2022. Ao longo deste per\u00edodo conduziu boa parte de uma reestrutura\u00e7\u00e3o que j\u00e1 vinha de tr\u00e1s e que na sua lideran\u00e7a implicou a sa\u00edda de 400 pessoas. \u201cHoje somos um banco normal e isso significa s\u00f3 ter de lidar com os desafios normais\u201d, dizia, em entrevista ao Neg\u00f3cios em mar\u00e7o de 2024, momento no qual garantiu uma boa rela\u00e7\u00e3o com a mutualista. \u201cA rela\u00e7\u00e3o institucional com o nosso principal acionista \u00e9 \u00f3tima, de colabora\u00e7\u00e3o e respeito institucional. A gest\u00e3o do banco \u00e9 totalmente independente\u201d, assegurava.&#13;\n    <\/p>\n<p class=\"\">&#13;<br \/>\n        O nome escolhido para seu sucessor, Jos\u00e9 Azevedo Pereira, foi diretor-geral da Autoridade Tribut\u00e1ria entre 2007 e 2012 e substituiu Teixeira dos Santos como CEO do Eurobic em 2020. Com a venda do Eurobic ao Abanca, no ver\u00e3o de 2024, Jos\u00e9 Azevedo Pereira deixou a lideran\u00e7a do banco. Ruma agora ao Banco Montepio.&#13;\n    <\/p>\n<p class=\"\">&#13;<br \/>\n        A mudan\u00e7a chegou com surpresa, dada a evolu\u00e7\u00e3o recente do banco que em 2024 teve o melhor resultado da sua hist\u00f3ria, refletido depois num dividendo de 30 milh\u00f5es de euros, transferido em 2025. E que dever\u00e1 em 2026 ser multiplicado por dois. \u201cEste valor de 30 milh\u00f5es pode ser francamente superado e at\u00e9 duplicado sem preju\u00edzo de se continuar a capitalizar o banco e a refor\u00e7ar a sua solidez, que \u00e9 semelhante a todos os seus pares, est\u00e1 muito bem capitalizado\u201d, dizia recentemente o presidente da Associa\u00e7\u00e3o Montepio, Virg\u00edlio Lima, em entrevista ao Neg\u00f3cios.&#13;\n    <\/p>\n","protected":false},"excerpt":{"rendered":"&#13; A Associa\u00e7\u00e3o Mutualista Montepio confirma a sa\u00edda de Pedro Leit\u00e3o do cargo de CEO do\u00a0 Banco Montepio.&hellip;\n","protected":false},"author":2,"featured_media":221830,"comment_status":"","ping_status":"","sticky":false,"template":"","format":"standard","meta":{"footnotes":""},"categories":[83],"tags":[41004,88,89,90,445,28960,32,33,42866,849],"class_list":{"0":"post-221829","1":"post","2":"type-post","3":"status-publish","4":"format-standard","5":"has-post-thumbnail","7":"category-empresas","8":"tag-acionista","9":"tag-business","10":"tag-economy","11":"tag-empresas","12":"tag-europa","13":"tag-montepio","14":"tag-portugal","15":"tag-pt","16":"tag-reestruturacao-e-recapitalizacao","17":"tag-trabalho"},"share_on_mastodon":{"url":"https:\/\/pubeurope.com\/@pt\/115864539626592068","error":""},"_links":{"self":[{"href":"https:\/\/www.europesays.com\/pt\/wp-json\/wp\/v2\/posts\/221829","targetHints":{"allow":["GET"]}}],"collection":[{"href":"https:\/\/www.europesays.com\/pt\/wp-json\/wp\/v2\/posts"}],"about":[{"href":"https:\/\/www.europesays.com\/pt\/wp-json\/wp\/v2\/types\/post"}],"author":[{"embeddable":true,"href":"https:\/\/www.europesays.com\/pt\/wp-json\/wp\/v2\/users\/2"}],"replies":[{"embeddable":true,"href":"https:\/\/www.europesays.com\/pt\/wp-json\/wp\/v2\/comments?post=221829"}],"version-history":[{"count":0,"href":"https:\/\/www.europesays.com\/pt\/wp-json\/wp\/v2\/posts\/221829\/revisions"}],"wp:featuredmedia":[{"embeddable":true,"href":"https:\/\/www.europesays.com\/pt\/wp-json\/wp\/v2\/media\/221830"}],"wp:attachment":[{"href":"https:\/\/www.europesays.com\/pt\/wp-json\/wp\/v2\/media?parent=221829"}],"wp:term":[{"taxonomy":"category","embeddable":true,"href":"https:\/\/www.europesays.com\/pt\/wp-json\/wp\/v2\/categories?post=221829"},{"taxonomy":"post_tag","embeddable":true,"href":"https:\/\/www.europesays.com\/pt\/wp-json\/wp\/v2\/tags?post=221829"}],"curies":[{"name":"wp","href":"https:\/\/api.w.org\/{rel}","templated":true}]}}