{"id":221834,"date":"2026-01-09T09:58:12","date_gmt":"2026-01-09T09:58:12","guid":{"rendered":"https:\/\/www.europesays.com\/pt\/221834\/"},"modified":"2026-01-09T09:58:12","modified_gmt":"2026-01-09T09:58:12","slug":"cristina-ferreira-abre-album-de-fotos-privadas-com-joao-monteiro-um-anjo-a-dormir-ao-meu-lado-primeira-companhia","status":"publish","type":"post","link":"https:\/\/www.europesays.com\/pt\/221834\/","title":{"rendered":"Cristina Ferreira abre \u00e1lbum de fotos privadas com Jo\u00e3o Monteiro: \u00abUm anjo a dormir ao meu lado\u00bb &#8211; Primeira Companhia"},"content":{"rendered":"<p data-end=\"400\" data-start=\"51\">Cristina Ferreira deu in\u00edcio a uma nova viagem e partilhou o momento com os seguidores atrav\u00e9s de um post no Instagram, onde surge ao lado do namorado, Jo\u00e3o Monteiro. A apresentadora revelou que esta viagem inclui passagem por tr\u00eas pa\u00edses diferentes, sendo \u00c1frica o continente escolhido, sem revelar de imediato o pa\u00eds de destino.<\/p>\n<p data-end=\"708\" data-start=\"402\">Sem levantar o v\u00e9u sobre o local exato, Cristina deixou algumas pistas sobre o percurso, explicando que houve uma paragem de duas horas no Dubai antes de seguirem viagem. \u201cResta saber onde, j\u00e1 que s\u00e3o muitas as rotas\u201d, escreveu, desafiando os seguidores a adivinhar o destino atrav\u00e9s dos v\u00eddeos publicados.<\/p>\n<p data-end=\"909\" data-start=\"710\">Ao longo do voo, a comunicadora partilhou pequenos momentos da experi\u00eancia, desde o h\u00e1bito de ver filmes enquanto viaja at\u00e9 \u00e0s comodidades a bordo e algumas horas de descanso feitas \u201caos bocadinhos\u201d.<\/p>\n<p data-end=\"1164\" data-start=\"911\">A publica\u00e7\u00e3o terminou com uma nota mais pessoal e c\u00famplice, ao referir-se a Jo\u00e3o Monteiro como \u201cum anjo a dormir ao meu lado\u201d, uma frase que n\u00e3o passou despercebida aos seguidores e que evidenciou a cumplicidade do casal nesta aventura de in\u00edcio de ano.<\/p>\n<p data-end=\"1321\" data-start=\"1166\">Cristina Ferreira promete continuar a revelar mais detalhes desta viagem \u00e0 medida que o roteiro avan\u00e7a, mantendo o mist\u00e9rio em torno dos pr\u00f3ximos destinos.<\/p>\n<blockquote class=\"instagram-media\" data-instgrm-captioned=\"\" data-instgrm-permalink=\"https:\/\/www.instagram.com\/p\/DTQk20jDFw4\/?utm_source=ig_embed&amp;utm_campaign=loading\" data-instgrm-version=\"14\" style=\" background:#FFF; border:0; border-radius:3px; box-shadow:0 0 1px 0 rgba(0,0,0,0.5),0 1px 10px 0 rgba(0,0,0,0.15); margin: 1px; max-width:540px; min-width:326px; padding:0; width:99.375%; width:-webkit-calc(100% - 2px); width:calc(100% - 2px);\">\n<\/blockquote>\n<p>                        <script async src=\"\/\/www.instagram.com\/embed.js\"><\/script><\/p>\n","protected":false},"excerpt":{"rendered":"Cristina Ferreira deu in\u00edcio a uma nova viagem e partilhou o momento com os seguidores atrav\u00e9s de um&hellip;\n","protected":false},"author":2,"featured_media":221835,"comment_status":"","ping_status":"","sticky":false,"template":"","format":"standard","meta":{"footnotes":""},"categories":[145],"tags":[41536,211,210,166,114,115,18705,6470,32,33,41535],"class_list":{"0":"post-221834","1":"post","2":"type-post","3":"status-publish","4":"format-standard","5":"has-post-thumbnail","7":"category-celebridades","8":"tag-bastidores-da-recruta","9":"tag-celebridades","10":"tag-celebrities","11":"tag-cristina-ferreira","12":"tag-entertainment","13":"tag-entretenimento","14":"tag-entrevistas-concorrentes-tvi","15":"tag-joao-monteiro","16":"tag-portugal","17":"tag-pt","18":"tag-vida-fora-da-base"},"share_on_mastodon":{"url":"https:\/\/pubeurope.com\/@pt\/115864554870676193","error":""},"_links":{"self":[{"href":"https:\/\/www.europesays.com\/pt\/wp-json\/wp\/v2\/posts\/221834","targetHints":{"allow":["GET"]}}],"collection":[{"href":"https:\/\/www.europesays.com\/pt\/wp-json\/wp\/v2\/posts"}],"about":[{"href":"https:\/\/www.europesays.com\/pt\/wp-json\/wp\/v2\/types\/post"}],"author":[{"embeddable":true,"href":"https:\/\/www.europesays.com\/pt\/wp-json\/wp\/v2\/users\/2"}],"replies":[{"embeddable":true,"href":"https:\/\/www.europesays.com\/pt\/wp-json\/wp\/v2\/comments?post=221834"}],"version-history":[{"count":0,"href":"https:\/\/www.europesays.com\/pt\/wp-json\/wp\/v2\/posts\/221834\/revisions"}],"wp:featuredmedia":[{"embeddable":true,"href":"https:\/\/www.europesays.com\/pt\/wp-json\/wp\/v2\/media\/221835"}],"wp:attachment":[{"href":"https:\/\/www.europesays.com\/pt\/wp-json\/wp\/v2\/media?parent=221834"}],"wp:term":[{"taxonomy":"category","embeddable":true,"href":"https:\/\/www.europesays.com\/pt\/wp-json\/wp\/v2\/categories?post=221834"},{"taxonomy":"post_tag","embeddable":true,"href":"https:\/\/www.europesays.com\/pt\/wp-json\/wp\/v2\/tags?post=221834"}],"curies":[{"name":"wp","href":"https:\/\/api.w.org\/{rel}","templated":true}]}}