{"id":221836,"date":"2026-01-09T10:02:09","date_gmt":"2026-01-09T10:02:09","guid":{"rendered":"https:\/\/www.europesays.com\/pt\/221836\/"},"modified":"2026-01-09T10:02:09","modified_gmt":"2026-01-09T10:02:09","slug":"wacken-metal-battle-volta-a-acontecer-no-brasil","status":"publish","type":"post","link":"https:\/\/www.europesays.com\/pt\/221836\/","title":{"rendered":"Wacken Metal Battle volta a acontecer no Brasil"},"content":{"rendered":"<p>A organiza\u00e7\u00e3o do Wacken Open Air confirmou que o Wacken Metal Battle voltar\u00e1 a ser realizado no Brasil a partir da seletiva para a edi\u00e7\u00e3o 2027 do evento. A competi\u00e7\u00e3o leva uma banda para se apresentar no tradicional festival alem\u00e3o e j\u00e1 havia acontecido no pa\u00eds entre 2006 e 2010.<\/p>\n<p><a target=\"_blank\" href=\"https:\/\/www.europesays.com\/pt\/wp-content\/uploads\/2026\/01\/wacken2023.jpg\"><img loading=\"lazy\" decoding=\"async\" src=\"https:\/\/www.europesays.com\/pt\/wp-content\/uploads\/2026\/01\/wacken2023.jpg\" class=\"widthConstrained\" width=\"700\" height=\"449\" alt=\"Foto: Divulga\u00e7\u00e3o\"\/><\/a>Foto: Divulga\u00e7\u00e3o<\/p>\n<p>De acordo com o comunicado oficial, Inglaterra, Austr\u00e1lia, Nova Zel\u00e2ndia, Marrocos, Mal\u00e1sia, Singapura, Tail\u00e2ndia e Mong\u00f3lia s\u00e3o outras novas sedes do evento. As inscri\u00e7\u00f5es ter\u00e3o in\u00edcio logo ap\u00f3s o Wacken Open Air 2026, que acontece entre 29 de julho e 1\u00ba de agosto. <a href=\"https:\/\/www.metal-battle.com\/\" rel=\"nofollow noopener\" target=\"_blank\">Para mais detalhes acesse o site oficial.<\/a><\/p>\n<p>CONTINUA DEPOIS DA PUBLICIDADE &#8211; CLI<\/p>\n<p>&#13;<br \/>\n&#13;<br \/>\n&#13;<br \/>\n&#13;<br \/>\n&#13;<br \/>\n&#13;<br \/>\n&#13;<br \/>\n&#13;<br \/>\n<a href=\"https:\/\/whiplash.net\/materias\/whiplash\/027002.html\" rel=\"nofollow noopener\" target=\"_blank\"><img decoding=\"async\" src=\"https:\/\/www.europesays.com\/pt\/wp-content\/uploads\/2026\/01\/1767746289_757_anunciar_diabo_336x280.gif\" loading=\"lazy\" width=\"336\" height=\"280\" class=\"widthConstrained\" style=\"background-color:#000000;display:block;\" alt=\"Anunciar bandas e shows de Rock e Heavy Metal\"\/><\/a>&#13;<\/p>\n<p>Realizado desde 1990, o Wacken Open Air \u00e9 um dos principais eventos voltados ao heavy metal e seus subg\u00eaneros em todo o planeta. Costuma acontecer no final do ver\u00e3o do hemisf\u00e9rio norte, servindo como uma esp\u00e9cie de encerramento extraoficial da temporada de festivais europeus.<\/p>\n<p>CONTINUA DEPOIS DA PUBLICIDADE &#8211; GOO<\/p>\n<p>&#13;<br \/>\n&#13;<br \/>\n&#13;<br \/>\n&#13;<br \/>\n<a href=\"https:\/\/whiplash.net\/materias\/whiplash\/027002.html\" rel=\"nofollow noopener\" target=\"_blank\"><img decoding=\"async\" src=\"https:\/\/www.europesays.com\/pt\/wp-content\/uploads\/2026\/01\/1767746289_757_anunciar_diabo_336x280.gif\" loading=\"lazy\" width=\"336\" height=\"280\" alt=\"Anunciar no Whiplash.Net\"\/><\/a>&#13;<br \/>\n&#13;<br \/>\n&#13;<br \/>\n&#13;<br \/>\n&#13;<br \/>\n&#13;<br \/>\n<a href=\"https:\/\/whiplash.net\/materias\/whiplash\/027002.html\" rel=\"nofollow noopener\" target=\"_blank\"><img decoding=\"async\" src=\"https:\/\/www.europesays.com\/pt\/wp-content\/uploads\/2026\/01\/1767746289_757_anunciar_diabo_336x280.gif\" loading=\"lazy\" width=\"336\" height=\"280\" class=\"widthConstrained\" style=\"background-color:#000000;display:block;\" alt=\"Anunciar bandas e shows de Rock e Heavy Metal\"\/><\/a>&#13;<\/p>\n","protected":false},"excerpt":{"rendered":"A organiza\u00e7\u00e3o do Wacken Open Air confirmou que o Wacken Metal Battle voltar\u00e1 a ser realizado no Brasil&hellip;\n","protected":false},"author":2,"featured_media":221837,"comment_status":"","ping_status":"","sticky":false,"template":"","format":"standard","meta":{"footnotes":""},"categories":[141],"tags":[114,115,149,150,32,33],"class_list":{"0":"post-221836","1":"post","2":"type-post","3":"status-publish","4":"format-standard","5":"has-post-thumbnail","7":"category-musica","8":"tag-entertainment","9":"tag-entretenimento","10":"tag-music","11":"tag-musica","12":"tag-portugal","13":"tag-pt"},"share_on_mastodon":{"url":"https:\/\/pubeurope.com\/@pt\/115864570660607315","error":""},"_links":{"self":[{"href":"https:\/\/www.europesays.com\/pt\/wp-json\/wp\/v2\/posts\/221836","targetHints":{"allow":["GET"]}}],"collection":[{"href":"https:\/\/www.europesays.com\/pt\/wp-json\/wp\/v2\/posts"}],"about":[{"href":"https:\/\/www.europesays.com\/pt\/wp-json\/wp\/v2\/types\/post"}],"author":[{"embeddable":true,"href":"https:\/\/www.europesays.com\/pt\/wp-json\/wp\/v2\/users\/2"}],"replies":[{"embeddable":true,"href":"https:\/\/www.europesays.com\/pt\/wp-json\/wp\/v2\/comments?post=221836"}],"version-history":[{"count":0,"href":"https:\/\/www.europesays.com\/pt\/wp-json\/wp\/v2\/posts\/221836\/revisions"}],"wp:featuredmedia":[{"embeddable":true,"href":"https:\/\/www.europesays.com\/pt\/wp-json\/wp\/v2\/media\/221837"}],"wp:attachment":[{"href":"https:\/\/www.europesays.com\/pt\/wp-json\/wp\/v2\/media?parent=221836"}],"wp:term":[{"taxonomy":"category","embeddable":true,"href":"https:\/\/www.europesays.com\/pt\/wp-json\/wp\/v2\/categories?post=221836"},{"taxonomy":"post_tag","embeddable":true,"href":"https:\/\/www.europesays.com\/pt\/wp-json\/wp\/v2\/tags?post=221836"}],"curies":[{"name":"wp","href":"https:\/\/api.w.org\/{rel}","templated":true}]}}