{"id":221866,"date":"2026-01-09T10:24:06","date_gmt":"2026-01-09T10:24:06","guid":{"rendered":"https:\/\/www.europesays.com\/pt\/221866\/"},"modified":"2026-01-09T10:24:06","modified_gmt":"2026-01-09T10:24:06","slug":"trump-gostaria-que-corina-lhe-desse-o-premio-nobel-em-reuniao-da-proxima-semana","status":"publish","type":"post","link":"https:\/\/www.europesays.com\/pt\/221866\/","title":{"rendered":"Trump gostaria que Corina lhe desse o Pr\u00e9mio Nobel em reuni\u00e3o da pr\u00f3xima semana"},"content":{"rendered":"<p data-remotead-prev-elm=\"true\" data-remotead-elm-id=\"inread\">Donald Trump disse na quinta-feira \u00e0 noite, \u00e0 esta\u00e7\u00e3o de televis\u00e3o &#8220;Fox News&#8221;, que o encontro com Corina Machado vai decorrer em Washington na pr\u00f3xima semana, n\u00e3o tendo sido especificada a data.<\/p>\n<p>O chefe de Estado norte-americano referindo-se ao encontro afirmou que seria uma honra receber de Corina Machado a medalha do Pr\u00e9mio Nobel da Paz que a l\u00edder oposicionista da Venezuela recebeu do Comit\u00e9 Nobel em 2025.<\/p>\n<p>&#8220;Ouvi dizer que ela queria fazer isto. Seria uma grande honra&#8221;, disse Donald Trump ao apresentador da &#8220;Fox News&#8221; que recordou que a l\u00edder da oposi\u00e7\u00e3o venezuelana tinha prometido &#8220;partilhar&#8221; e at\u00e9 &#8220;entregar&#8221; o galard\u00e3o.<\/p>\n<p data-remotead-prev-elm=\"true\" data-remotead-elm-id=\"centro1\">Os Estados Unidos capturaram no s\u00e1bado o presidente da Venezuela que est\u00e1 a ser julgado em Nova Iorque por tr\u00e1fico de estupefacientes e posse de armas.<\/p>\n<p>Nesse dia, Trump afirmou que Corina Machado n\u00e3o estava qualificada para assumir a lideran\u00e7a da Venezuela e sublinhou que a realiza\u00e7\u00e3o de elei\u00e7\u00f5es no pa\u00eds n\u00e3o est\u00e1 na agenda de Washington.<\/p>\n<p>Segundo a Ag\u00eancia France Presse, Donald Trump n\u00e3o superou o facto de Corina Machado ter sido escolhida para o Pr\u00e9mio Nobel da Paz, no ano passado.<\/p>\n<p data-remotead-prev-elm=\"true\" data-remotead-elm-id=\"centro2\">Nesse sentido, o presidente norte-americano voltou a expressar queixas na entrevista \u00e0 &#8220;Fox News&#8221;, criticando particularmente a Noruega.<\/p>\n<p>&#8220;Esta \u00e9 a posi\u00e7\u00e3o do comit\u00e9 (que atribui o Pr\u00e9mio Nobel da Paz). (&#8230;) \u00c9 muito embara\u00e7oso para a Noruega. Se tiveram alguma coisa a ver com isso ou n\u00e3o. Penso que tiveram. Dizem que n\u00e3o. Mas quando se acaba com oito guerras, deve-se ganhar um pr\u00e9mio por cada uma delas&#8221;, disse Donald Trump, repetindo este n\u00famero, que os especialistas em rela\u00e7\u00f5es internacionais consideram fantasioso.<\/p>\n","protected":false},"excerpt":{"rendered":"Donald Trump disse na quinta-feira \u00e0 noite, \u00e0 esta\u00e7\u00e3o de televis\u00e3o &#8220;Fox News&#8221;, que o encontro com Corina&hellip;\n","protected":false},"author":2,"featured_media":221867,"comment_status":"","ping_status":"","sticky":false,"template":"","format":"standard","meta":{"footnotes":""},"categories":[50],"tags":[27,28,413,41754,15,16,14,25,26,21,22,62,12,13,19,20,23,24,17,18,29,30,31,63,64,65],"class_list":{"0":"post-221866","1":"post","2":"type-post","3":"status-publish","4":"format-standard","5":"has-post-thumbnail","7":"category-mundo","8":"tag-breaking-news","9":"tag-breakingnews","10":"tag-eua","11":"tag-eua-atacam-venezuela","12":"tag-featured-news","13":"tag-featurednews","14":"tag-headlines","15":"tag-latest-news","16":"tag-latestnews","17":"tag-main-news","18":"tag-mainnews","19":"tag-mundo","20":"tag-news","21":"tag-noticias","22":"tag-noticias-principais","23":"tag-noticiasprincipais","24":"tag-principais-noticias","25":"tag-principaisnoticias","26":"tag-top-stories","27":"tag-topstories","28":"tag-ultimas","29":"tag-ultimas-noticias","30":"tag-ultimasnoticias","31":"tag-world","32":"tag-world-news","33":"tag-worldnews"},"share_on_mastodon":{"url":"https:\/\/pubeurope.com\/@pt\/115864657184069519","error":""},"_links":{"self":[{"href":"https:\/\/www.europesays.com\/pt\/wp-json\/wp\/v2\/posts\/221866","targetHints":{"allow":["GET"]}}],"collection":[{"href":"https:\/\/www.europesays.com\/pt\/wp-json\/wp\/v2\/posts"}],"about":[{"href":"https:\/\/www.europesays.com\/pt\/wp-json\/wp\/v2\/types\/post"}],"author":[{"embeddable":true,"href":"https:\/\/www.europesays.com\/pt\/wp-json\/wp\/v2\/users\/2"}],"replies":[{"embeddable":true,"href":"https:\/\/www.europesays.com\/pt\/wp-json\/wp\/v2\/comments?post=221866"}],"version-history":[{"count":0,"href":"https:\/\/www.europesays.com\/pt\/wp-json\/wp\/v2\/posts\/221866\/revisions"}],"wp:featuredmedia":[{"embeddable":true,"href":"https:\/\/www.europesays.com\/pt\/wp-json\/wp\/v2\/media\/221867"}],"wp:attachment":[{"href":"https:\/\/www.europesays.com\/pt\/wp-json\/wp\/v2\/media?parent=221866"}],"wp:term":[{"taxonomy":"category","embeddable":true,"href":"https:\/\/www.europesays.com\/pt\/wp-json\/wp\/v2\/categories?post=221866"},{"taxonomy":"post_tag","embeddable":true,"href":"https:\/\/www.europesays.com\/pt\/wp-json\/wp\/v2\/tags?post=221866"}],"curies":[{"name":"wp","href":"https:\/\/api.w.org\/{rel}","templated":true}]}}