{"id":221881,"date":"2026-01-09T10:39:07","date_gmt":"2026-01-09T10:39:07","guid":{"rendered":"https:\/\/www.europesays.com\/pt\/221881\/"},"modified":"2026-01-09T10:39:07","modified_gmt":"2026-01-09T10:39:07","slug":"trump-disse-que-gostaria-que-corina-machado-lhe-desse-o-premio-nobel","status":"publish","type":"post","link":"https:\/\/www.europesays.com\/pt\/221881\/","title":{"rendered":"Trump disse que gostaria que Corina Machado lhe desse o Pr\u00e9mio Nobel"},"content":{"rendered":"<p>&#13;<br \/>\nDonald Trump disse na quinta-feira \u00e0 noite, \u00e0 esta\u00e7\u00e3o de televis\u00e3o Fox News, que o encontro com Corina Machado vai\u00a0decorrer em Washington na pr\u00f3xima semana, n\u00e3o tendo sido especificada a data.\u00a0&#13;\n<\/p>\n<p>&#13;<br \/>\nO presidente norte-americano referindo-se ao encontro afirmou que seria uma honra receber de Corina Machado a medalha do Pr\u00e9mio Nobel da Paz que a l\u00edder oposicionista da Venezuela recebeu do Comit\u00e9 Nobel em 2025.\u00a0&#13;\n<\/p>\n<p>&#13;<br \/>\n&#8220;Ouvi dizer que ela queria fazer isto. Seria uma grande honra&#8221;, disse Donald Trump ao apresentador da Fox News que recordou\u00a0que a l\u00edder da oposi\u00e7\u00e3o venezuelana tinha prometido &#8220;partilhar&#8221; e at\u00e9 &#8220;entregar&#8221; o galard\u00e3o. &#13;\n<\/p>\n<p>&#13;<br \/>\nOs Estados Unidos capturaram no s\u00e1bado o Presidente da Venezuela que est\u00e1 a ser julgado em Nova Iorque por tr\u00e1fico de estupefacientes e posse de armas.&#13;\n<\/p>\n<p>&#13;<br \/>\nNesse dia, Trump afirmou que Corina Machado n\u00e3o estava qualificada para assumir a lideran\u00e7a da Venezuela e sublinhou que a realiza\u00e7\u00e3o de elei\u00e7\u00f5es no pa\u00eds n\u00e3o est\u00e1 na agenda de Washington.\u00a0&#13;\n<\/p>\n<p>&#13;<br \/>\nSegundo a Ag\u00eancia France Presse,\u00a0Donald Trump n\u00e3o superou o facto de Corina Machado ter sido escolhida para o Pr\u00e9mio Nobel da Paz, no ano passado. &#13;\n<\/p>\n<p>&#13;<br \/>\nNesse sentido, o presidente norte-americano voltou a expressar queixas na entrevista \u00e0 Fox News, criticando\u00a0particularmente a Noruega. &#13;\n<\/p>\n<p>&#13;<br \/>\n&#8220;Esta \u00e9 a posi\u00e7\u00e3o do comit\u00e9 (que atribui o Pr\u00e9mio Nobel da Paz). (&#8230;) \u00c9 muito embara\u00e7oso para a Noruega. Se tiveram alguma coisa a ver com isso ou n\u00e3o. Penso que tiveram. Dizem que n\u00e3o. Mas quando se acaba com oito guerras, deve-se ganhar um pr\u00e9mio por cada uma delas&#8221;, disse Donald Trump, repetindo este n\u00famero, que os especialistas em rela\u00e7\u00f5es internacionais consideram fantasioso.&#13;<\/p>\n","protected":false},"excerpt":{"rendered":"&#13; Donald Trump disse na quinta-feira \u00e0 noite, \u00e0 esta\u00e7\u00e3o de televis\u00e3o Fox News, que o encontro com&hellip;\n","protected":false},"author":2,"featured_media":221882,"comment_status":"","ping_status":"","sticky":false,"template":"","format":"standard","meta":{"footnotes":""},"categories":[50],"tags":[27,28,42870,15,16,14,25,26,21,22,62,12,11311,13,19,20,23,24,17,18,29,30,31,63,64,65],"class_list":{"0":"post-221881","1":"post","2":"type-post","3":"status-publish","4":"format-standard","5":"has-post-thumbnail","7":"category-mundo","8":"tag-breaking-news","9":"tag-breakingnews","10":"tag-comite-nobel","11":"tag-featured-news","12":"tag-featurednews","13":"tag-headlines","14":"tag-latest-news","15":"tag-latestnews","16":"tag-main-news","17":"tag-mainnews","18":"tag-mundo","19":"tag-news","20":"tag-nobel","21":"tag-noticias","22":"tag-noticias-principais","23":"tag-noticiasprincipais","24":"tag-principais-noticias","25":"tag-principaisnoticias","26":"tag-top-stories","27":"tag-topstories","28":"tag-ultimas","29":"tag-ultimas-noticias","30":"tag-ultimasnoticias","31":"tag-world","32":"tag-world-news","33":"tag-worldnews"},"share_on_mastodon":{"url":"https:\/\/pubeurope.com\/@pt\/115864716169599014","error":""},"_links":{"self":[{"href":"https:\/\/www.europesays.com\/pt\/wp-json\/wp\/v2\/posts\/221881","targetHints":{"allow":["GET"]}}],"collection":[{"href":"https:\/\/www.europesays.com\/pt\/wp-json\/wp\/v2\/posts"}],"about":[{"href":"https:\/\/www.europesays.com\/pt\/wp-json\/wp\/v2\/types\/post"}],"author":[{"embeddable":true,"href":"https:\/\/www.europesays.com\/pt\/wp-json\/wp\/v2\/users\/2"}],"replies":[{"embeddable":true,"href":"https:\/\/www.europesays.com\/pt\/wp-json\/wp\/v2\/comments?post=221881"}],"version-history":[{"count":0,"href":"https:\/\/www.europesays.com\/pt\/wp-json\/wp\/v2\/posts\/221881\/revisions"}],"wp:featuredmedia":[{"embeddable":true,"href":"https:\/\/www.europesays.com\/pt\/wp-json\/wp\/v2\/media\/221882"}],"wp:attachment":[{"href":"https:\/\/www.europesays.com\/pt\/wp-json\/wp\/v2\/media?parent=221881"}],"wp:term":[{"taxonomy":"category","embeddable":true,"href":"https:\/\/www.europesays.com\/pt\/wp-json\/wp\/v2\/categories?post=221881"},{"taxonomy":"post_tag","embeddable":true,"href":"https:\/\/www.europesays.com\/pt\/wp-json\/wp\/v2\/tags?post=221881"}],"curies":[{"name":"wp","href":"https:\/\/api.w.org\/{rel}","templated":true}]}}