{"id":221932,"date":"2026-01-09T11:23:07","date_gmt":"2026-01-09T11:23:07","guid":{"rendered":"https:\/\/www.europesays.com\/pt\/221932\/"},"modified":"2026-01-09T11:23:07","modified_gmt":"2026-01-09T11:23:07","slug":"russia-ataca-ucrania-com-misseis-hipersonicos-e-kiev-atinge-belgorod","status":"publish","type":"post","link":"https:\/\/www.europesays.com\/pt\/221932\/","title":{"rendered":"R\u00fassia ataca Ucr\u00e2nia com m\u00edsseis hipers\u00f3nicos e Kiev atinge Belgorod"},"content":{"rendered":"<p>                O ataque a Kiev foi feito com recurso a 242 drones, 13 misseis bal\u00edsticos, assim como 22 m\u00edsseis submarinos, que atacaram infraestruturas civis e energ\u00e9ticas, de acordo com o presidente ucraniano, Volodymyr Zelenskyy. Um socorrista morreu e mais cinco ficaram feridos.<\/p>\n<p><b>A embaixada do Catar na capital ucraniana tamb\u00e9m foi afetada.<\/b><br \/>&#13;\n<\/p>\n<blockquote class=\"twitter-tweet\"><p>&#13;<\/p>\n<p dir=\"ltr\" lang=\"en\">&#13;<br \/>\n\tIn Kyiv and the region, the aftermath of the massive Russian strike is still being dealt with. All necessary services are deployed. Twenty residential buildings alone were damaged. Recovery operations after the strikes also continue in the Lviv region and other regions of our\u2026 <a href=\"https:\/\/t.co\/AMkwfKHOkC\" rel=\"nofollow\">pic.twitter.com\/AMkwfKHOkC<\/a>&#13;\n\t<\/p>\n<p>&#13;<br \/>\n\t\u2014 Volodymyr Zelenskyy \/ \u0412\u043e\u043b\u043e\u0434\u0438\u043c\u0438\u0440 \u0417\u0435\u043b\u0435\u043d\u0441\u044c\u043a\u0438\u0439 (@ZelenskyyUa) <a href=\"https:\/\/twitter.com\/ZelenskyyUa\/status\/2009542786756792621?ref_src=twsrc%5Etfw\" rel=\"nofollow noopener\" target=\"_blank\">January 9, 2026<\/a>&#13;\n<\/p><\/blockquote>\n<p>&#13;<br \/>\nSegundo o l\u00edder ucraniano, &#8220;o pr\u00e9dio da embaixada do Catar foi danificado por um drone russo&#8221;, tal como outros 20 edif\u00edcios residenciais na capital, confirmando um total de quatro v\u00edtimas mortais.&#13;\n<\/p>\n<p>&#13;<br \/>\nO presidente ucraniano pediu ainda uma &#8220;resposta clara&#8221; da comunidade internacional, ap\u00f3s maci\u00e7o ataque a\u00e9reo russo, incluindo o sistema de m\u00edsseis hipers\u00f3nicos Oreshnik, que danificou 20 edif\u00edcios habitacionais e a embaixada catari em Kiev.&#13;\n<\/p>\n<p>&#13;<br \/>\nAl\u00e9m de Kiev, a <b>R\u00fassia tamb\u00e9m atacou Lviv<\/b> \u2013 na fronteira com a Pol\u00f3nia &#8211; atrav\u00e9s de um m\u00edssil bal\u00edstico n\u00e3o identificado, que deixou 376 utentes sem g\u00e1s, e<b> Kryvyi Rih<\/b>, cidade-natal de Zelenskyy, matou uma pessoa e feriu outras 24, incluindo seis crian\u00e7as, e deixou mais de quatro mil utentes sem energia.&#13;\n<\/p>\n<p>\nOutras regi\u00f5es como Zaporizhia, Odessa e Dnipro tamb\u00e9m foram alvos de ataques a infraestruturas cr\u00edticas, como de fornecimento de energia<\/p>\n<p>No total, cerca de 700 mil casas ucranianas ficaram sem eletricidade.Al\u00e9m dos ataques, a Ucr\u00e2nia est\u00e1 a sofrer os efeitos de uma vaga de frio, que baixou a temperaturas para os 20 graus negativos nalgumas regi\u00f5es e que est\u00e1 a acentuar os problemas energ\u00e9ticos no pa\u00eds, o que j\u00e1 obrigou o governo de Kiev a implementar um plano de apoio de inverno para as regi\u00f5es afetadas.Mais de 500 mil casas sem energia na R\u00fassia <br \/>&#13;<br \/>\nA <b>Ucr\u00e2nia atacou v\u00e1rios distritos de Belgorod<\/b>, na fronteira com a Ucr\u00e2nia, que deixaram 556 mil pessoas sem luz e 200 mil sem saneamento, de acordo com o governador de Belgorod, Viatcheslav Gladkov.<\/p>\n<p>O minist\u00e9rio russo da Defesa deu conta da interce\u00e7\u00e3o e destrui\u00e7\u00e3o de cinco drones, dois a sobrevoar Bryansk, um em Belgorod, um em Rostov e um em Oryol.Recurso a m\u00edsseis hipers\u00f3nicos admitido pela R\u00fassiaAtrav\u00e9s da rede social Telegram, o <b>Minist\u00e9rio da Defesa da R\u00fassia admitiu que os ataques a Lviv foram realizados com recurso ao sistema de m\u00edsseis de m\u00e9dio alcance hipers\u00f3nico Oreshnik<\/b>, \u201cem resposta ao ataque terrorista do regime de Kiev contra a resid\u00eancia do presidente da Federa\u00e7\u00e3o Russa na regi\u00e3o de Novgorod, ocorrido na noite de 29 de dezembro de 2025\u201d. Tal alega\u00e7\u00e3o foi descrita por Kiev como \u201cuma mentira\u201d.<\/p>\n<p>\u201c<b>Os objetivos do ataque foram alcan\u00e7ados<\/b>. Os alvos inclu\u00edam instala\u00e7\u00f5es de produ\u00e7\u00e3o de ve\u00edculos a\u00e9reos n\u00e3o tripulados usados no ataque terrorista, bem como infraestrutura energ\u00e9tica que d\u00e1 suporte ao complexo militar-industrial da Ucr\u00e2nia\u201d, admitiu o minist\u00e9rio da Defesa russo.<\/p>\n<p>Este sistema de m\u00edsseis foi usado pela segunda vez e tem uma velocidade de quase 13 mil quil\u00f3metros por hora. No entanto, Putin afirma que \u00e9 imposs\u00edvel de intercetar, por, alegadamente, ser dez vezes superior \u00e0 velocidade do som, algo contestado por autoridades ocidentais.<b>Os Oreshnik permitem transportar m\u00faltiplas ogivas \u2013 incluindo nucleares e convencionais &#8211; capazes de atingir v\u00e1rios alvos em simult\u00e2neo.\u00a0<\/b><\/p>\n<p>Este sistema de m\u00edsseis foi ativado a 30 de dezembro de 2025 e havia sido usado num ataque em 2024 contra uma f\u00e1brica em Dnipro.<\/p>\n<p><b>O ministro ucraniano dos Neg\u00f3cios Estrangeiros, Andrii Sybiha, pede uma \u201cresposta global\u201d para o uso do m\u00edssil, e pede novas san\u00e7\u00f5es \u00e0 R\u00fassia.<\/b><\/p>\n<p>Em dezembro, as autoridades russas lan\u00e7aram um v\u00eddeo a destacar m\u00edsseis Oreshnik para a Bielorr\u00fassia, para aumentar as capacidades russas de ataque na Europa.&#13;\n            <\/p>\n<p><script async src=\"https:\/\/platform.twitter.com\/widgets.js\" charset=\"utf-8\"><\/script><\/p>\n","protected":false},"excerpt":{"rendered":"O ataque a Kiev foi feito com recurso a 242 drones, 13 misseis bal\u00edsticos, assim como 22 m\u00edsseis&hellip;\n","protected":false},"author":2,"featured_media":221933,"comment_status":"","ping_status":"","sticky":false,"template":"","format":"standard","meta":{"footnotes":""},"categories":[50],"tags":[3391,27,28,837,2270,15,16,14,4167,25,26,21,22,42874,4617,62,12,13,19,20,23,24,839,17,18,840,29,30,31,63,64,65],"class_list":{"0":"post-221932","1":"post","2":"type-post","3":"status-publish","4":"format-standard","5":"has-post-thumbnail","7":"category-mundo","8":"tag-ataques","9":"tag-breaking-news","10":"tag-breakingnews","11":"tag-drones","12":"tag-energia","13":"tag-featured-news","14":"tag-featurednews","15":"tag-headlines","16":"tag-kiev","17":"tag-latest-news","18":"tag-latestnews","19":"tag-main-news","20":"tag-mainnews","21":"tag-misseis-oreshnik","22":"tag-moscovo","23":"tag-mundo","24":"tag-news","25":"tag-noticias","26":"tag-noticias-principais","27":"tag-noticiasprincipais","28":"tag-principais-noticias","29":"tag-principaisnoticias","30":"tag-russia","31":"tag-top-stories","32":"tag-topstories","33":"tag-ucrania","34":"tag-ultimas","35":"tag-ultimas-noticias","36":"tag-ultimasnoticias","37":"tag-world","38":"tag-world-news","39":"tag-worldnews"},"share_on_mastodon":{"url":"https:\/\/pubeurope.com\/@pt\/115864889141752714","error":""},"_links":{"self":[{"href":"https:\/\/www.europesays.com\/pt\/wp-json\/wp\/v2\/posts\/221932","targetHints":{"allow":["GET"]}}],"collection":[{"href":"https:\/\/www.europesays.com\/pt\/wp-json\/wp\/v2\/posts"}],"about":[{"href":"https:\/\/www.europesays.com\/pt\/wp-json\/wp\/v2\/types\/post"}],"author":[{"embeddable":true,"href":"https:\/\/www.europesays.com\/pt\/wp-json\/wp\/v2\/users\/2"}],"replies":[{"embeddable":true,"href":"https:\/\/www.europesays.com\/pt\/wp-json\/wp\/v2\/comments?post=221932"}],"version-history":[{"count":0,"href":"https:\/\/www.europesays.com\/pt\/wp-json\/wp\/v2\/posts\/221932\/revisions"}],"wp:featuredmedia":[{"embeddable":true,"href":"https:\/\/www.europesays.com\/pt\/wp-json\/wp\/v2\/media\/221933"}],"wp:attachment":[{"href":"https:\/\/www.europesays.com\/pt\/wp-json\/wp\/v2\/media?parent=221932"}],"wp:term":[{"taxonomy":"category","embeddable":true,"href":"https:\/\/www.europesays.com\/pt\/wp-json\/wp\/v2\/categories?post=221932"},{"taxonomy":"post_tag","embeddable":true,"href":"https:\/\/www.europesays.com\/pt\/wp-json\/wp\/v2\/tags?post=221932"}],"curies":[{"name":"wp","href":"https:\/\/api.w.org\/{rel}","templated":true}]}}