{"id":221942,"date":"2026-01-09T11:33:08","date_gmt":"2026-01-09T11:33:08","guid":{"rendered":"https:\/\/www.europesays.com\/pt\/221942\/"},"modified":"2026-01-09T11:33:08","modified_gmt":"2026-01-09T11:33:08","slug":"o-meu-melhor-ainda-esta-para-vir-diz-reforco-do-city","status":"publish","type":"post","link":"https:\/\/www.europesays.com\/pt\/221942\/","title":{"rendered":"\u00abO meu melhor ainda est\u00e1 para vir\u00bb, diz refor\u00e7o do City"},"content":{"rendered":"<p>\u00abEstou muito orgulhoso por me ter juntado ao Manchester\u00a0City.\u00a0Tenho acompanhado o\u00a0clube\u00a0ao longo da \u00faltima d\u00e9cada, sob o comando de\u00a0Pep\u00a0Guardiola, e t\u00eam sido a equipa dominante da\u00a0Premier\u00a0League. \u00c9\u00a0um clube com jogadores de classe mundial\u00a0e\u00a0um dos melhores treinadores de sempre\u00bb, disse aos meios do\u00a0City.<\/p>\n<p>\u00abTenho ainda uma grande margem de progress\u00e3o e, por isso, estar neste clube, nesta fase da minha carreira, \u00e9 perfeito para mim. \u00c9 um verdadeiro privil\u00e9gio estar aqui.\u00a0O meu melhor futebol ainda est\u00e1 para vir, tenho a certeza disso, e sinto que posso ajudar o\u00a0City\u00a0a\u00a0ter uma forte segunda metade da \u00e9poca\u00bb,\u00a0desejou.<\/p>\n<p>Ao mesmo tempo que o City anunciava a contrata\u00e7\u00e3o, Semenyo\u00a0deixava ainda uma mensagem aos adeptos do Bournemouth, clube que representou nas \u00faltimas tr\u00eas temporadas e meia, dando not\u00edcia da transfer\u00eancia atrav\u00e9s de um v\u00eddeo:<\/p>\n","protected":false},"excerpt":{"rendered":"\u00abEstou muito orgulhoso por me ter juntado ao Manchester\u00a0City.\u00a0Tenho acompanhado o\u00a0clube\u00a0ao longo da \u00faltima d\u00e9cada, sob o comando&hellip;\n","protected":false},"author":2,"featured_media":221943,"comment_status":"","ping_status":"","sticky":false,"template":"","format":"standard","meta":{"footnotes":""},"categories":[87],"tags":[135,32,33,134],"class_list":{"0":"post-221942","1":"post","2":"type-post","3":"status-publish","4":"format-standard","5":"has-post-thumbnail","7":"category-desporto","8":"tag-desporto","9":"tag-portugal","10":"tag-pt","11":"tag-sports"},"share_on_mastodon":{"url":"https:\/\/pubeurope.com\/@pt\/115864928516184511","error":""},"_links":{"self":[{"href":"https:\/\/www.europesays.com\/pt\/wp-json\/wp\/v2\/posts\/221942","targetHints":{"allow":["GET"]}}],"collection":[{"href":"https:\/\/www.europesays.com\/pt\/wp-json\/wp\/v2\/posts"}],"about":[{"href":"https:\/\/www.europesays.com\/pt\/wp-json\/wp\/v2\/types\/post"}],"author":[{"embeddable":true,"href":"https:\/\/www.europesays.com\/pt\/wp-json\/wp\/v2\/users\/2"}],"replies":[{"embeddable":true,"href":"https:\/\/www.europesays.com\/pt\/wp-json\/wp\/v2\/comments?post=221942"}],"version-history":[{"count":0,"href":"https:\/\/www.europesays.com\/pt\/wp-json\/wp\/v2\/posts\/221942\/revisions"}],"wp:featuredmedia":[{"embeddable":true,"href":"https:\/\/www.europesays.com\/pt\/wp-json\/wp\/v2\/media\/221943"}],"wp:attachment":[{"href":"https:\/\/www.europesays.com\/pt\/wp-json\/wp\/v2\/media?parent=221942"}],"wp:term":[{"taxonomy":"category","embeddable":true,"href":"https:\/\/www.europesays.com\/pt\/wp-json\/wp\/v2\/categories?post=221942"},{"taxonomy":"post_tag","embeddable":true,"href":"https:\/\/www.europesays.com\/pt\/wp-json\/wp\/v2\/tags?post=221942"}],"curies":[{"name":"wp","href":"https:\/\/api.w.org\/{rel}","templated":true}]}}