{"id":221948,"date":"2026-01-09T11:36:22","date_gmt":"2026-01-09T11:36:22","guid":{"rendered":"https:\/\/www.europesays.com\/pt\/221948\/"},"modified":"2026-01-09T11:36:22","modified_gmt":"2026-01-09T11:36:22","slug":"ces-2026-presenca-de-empresas-portuguesas-na-feira-de-las-vegas-e-curta-mas-com-ambicao-reforco-do-numero-de-startups-pode-estar-a-caminho-negocios","status":"publish","type":"post","link":"https:\/\/www.europesays.com\/pt\/221948\/","title":{"rendered":"CES 2026: Presen\u00e7a de empresas portuguesas na feira de Las Vegas \u00e9 curta mas com ambi\u00e7\u00e3o. Refor\u00e7o do n\u00famero de startups pode estar a caminho &#8211; Neg\u00f3cios"},"content":{"rendered":"<p>Os n\u00fameros de expositores, visitantes e espa\u00e7os de exposi\u00e7\u00e3o na CES s\u00e3o sempre impressionantes, o que <strong>torna a<a href=\"https:\/\/adclick.g.doubleclick.net\/pcs\/click%3Fxai%3DAKAOjsvzD5XcRCvxtKcuQXX7NhPJXpGNyGSv7a49EjBr6nNeiOXXdjNcmS1Hlmu6j05kGkm0IPZUWPtfJzrERPgsqVauAJys_-HSPL8rhbf6jGserSStd6Oe9-iVJ3gyLXnK9zJfrckBS7xKOcXVEO5_9CFcUvKA_IlrSQaNjH4gH39xH9yEsYpCmBrgFcEbs9HADds8u9REfNmgcGvPrkYTToW6JgSXygYGrxT_QQ-FJji4_AWHcy5-3apXTPekgQkV3z9eHhJzIGH7UUN3NLX5xfPpN6jjaji7jq1159j72l1k_Mv8KYiVZjMFu6sTh8yJZUJM8oxWcz0yH_heI_vgmdIZvZWLo3z5p1zISFe7wPtkhsYNNeQxrVy5iqlApIz82_zTtQX0tnNFiAJUAfEU3wD9cNX-7AOpljDeQKOxV0WyGh5G6ytDv9yhArjZG30%26sai%3DAMfl-YRUHeDOXUG1o9CMei5GtEt67Ta36p7tR42zWyan_sGOzocStTOor-OM4a00aQUauj5YNZhPRZrxOCGjGeuZNvN5m1wjKWCN9eJIT7NQa13BDu9C1K039DVg1Ah3yjm57_if9tvb_1j12sWzKH8VScnoFBq5nFflWpnnmtqRw7HBxTgDIvDRbZiLXZQQrp6Rdshe_og2nAOl2OQADFKvUnVYkiX6ZJF0fxR4QxbI6MWs0sMNkZXA--ySKqeT0uULzeVW_sPfPQHrwc9Ud_gLhqfyCZSUeQ%26sig%3DCg0ArKJSzEQ_K9ihb-0yEAE%26fbs_aeid%3D%255Bgw_fbsaeid%255D%26urlfix%3D1%26adurl%3Dhttps:\/\/googleads.g.doubleclick.net\/dbm\/clk%253Fsa%253DL%2526ai%253DCpRBCyUdgaYbKDtWQ9fgP3Pjf-A_KyJmohAHVq86bjxXAqqmCvEcQASCBy-MdYO383YWsG6ABnsaotwLIAQmpAnrSgnCfjLM-qAMBqgSXAk_Q_KXNUUinVa7wN3Xp5eghsrPlT5Y3gMSX7lbSSySHDa6uBJ0g942UmWOKvsdM7t9m3TN4IRDMfXxABIFELrMnDidwtxe2h42eQeixGXbRqYZbvpKGuYuScjJaPC1mUgW68lPXCpbdMHhZ9nSQ4Ul56bqzASBB4IFGSXUy1iH9Fx9MiV9qNHK5zvbfA6tiSadsE7JAf54eMMyosC7rWIf5cW-DenWiQfOCy3tv8cR7klBEV3JRTDo9s5S_e_TulYcwcaJN9E7qKhFOGC68SoDE8mQ3Z4coDX4qgNV7cKOdRC_1NHsGA1UDqaDiUqvfTONmR18VxVrYYxlAMZAt2VK5-3xnamGPfBSv4UhWdqthzGSscMNBY8AExLT31uUF4AQDiAWY6PySV5AGAaAGTYAHyrnXyAGoB6fMsQKoB6a-G6gHzM6xAqgH89EbqAeW2BuoB6qbsQKoB47OG6gHk9gbqAfw4BuoB-6WsQKoB_6esQKoB6--sQKoB9XJG6gH2baxAqgHmgaoB_-esQKoB9-fsQKoB_jCsQKoB_vCsQKoB-fXsQLYBwDSCDUIgGEQARidATIIioKAgoCAgAg6E5vQgICAgIQIgMCAgICwqIACqAFIvf3BOli6-vb6lf2RA4AKA5gLAcgLAYAMAaIMCCoGCgTW2LECqg0CUFTiDRMI6q33-pX9kQMVVUgdCR1c_Bf_6g0TCMiW-fqV_ZEDFVVIHQkdXPwX__ANAYgO____________AbATmMqDINgTA9gUAdAVAcoWAgoA-BYBgBcBshcOGAIqCjU1MzYxODIyNDSyGAkSAsVaGE0iAQDQGQU%2526ae%253D1%2526num%253D1%2526cid%253DCAQSsQEAwksa0ca5tEMyrLztBB1s48hl97zV8Ouhi_G1qOY-vQCkMk2jcGlq_K9XIiR4pWfKFHujJdwRfBESDPIEH6VZalUZ7nA9xdaZAr8_ry-imJbNlJVxPf7Xccp2X4IZz1zNl5vXpDpoTbpeG20Ymj6HQgpKSstB7Teri8kQi0GktSazifoD22i1BzZbZoXDrO2ViC-y1488fc5ipNPD74CWjE9BDQDkZ78OE5inrK-aAlwYAQ%2526sig%253DAOD64_3V0q7tvJSKLtfnQy1AXklgqf8Hcg%2526dbm_c%253DAKAmf-D1_oujFSFJDixk3o1Y2uQHEVorNzE4j3g4Yt_B-Gdrs3aBNAd4gmf3le347hYFCRJrlq5ySgGkmrfsn47vaTOb2AJRZ2uLqIjlZBrOSjHRdkbi6vnnRe6TTRtsL74O78gshC5iJ26ZgsoGNBXBcZ-Au7F8GdRrnI9ynTMpOCZEWt2BNyX-r4IDa0O0SV0oMBBNVaIS18ocL2sFgbcEigrfm0ca7l5HvQYWLoEBsETY2jLMhOnEXr8Rs4BrIZTAdUq2BwgClbVGCXrYuYTQN9-Sdx2oUg%2526cry%253D1%2526dbm_d%253DAKAmf-AF3j1-gFan_QUmxIC2UicmMzkHE3J6hGU7I3zFmAzPEDa8AsBHswCQTLjJlisd_PJAyvsjWkOu7XlxSqMiwQfauaYdMiUaxCx6oRvigx3iHzkXybPXCiFdvnqvtnAOHSv_SRZbAURTxn-9q1VWlb26cZ2DNvp1uYapdNREHDsHpxdr98iJPxinkB-EeaC3Vaxn73CFskeqPW2zT34MNxHr0UZYPE7Wr_XB7HUxB6YfYc8AX9HJGTJTjL33AlHidQ4-fJhOXZc-zStBiGVYftrIBgYyUNtEzu0ZtKg9c2Kn0SydM_cNYZiGcXVzy4l8nJxzMc5fxBkZ6Yidz5UAw8GQh-fhXw%2526adurl%253Dhttps:\/\/ad.doubleclick.net\/ddm\/trackclk\/N1026622.3782090AMNETPT\/B34943706.436921520;dc_trk_aid=630013926;dc_trk_cid=247156039;dc_lat=;dc_rdid=;tag_for_child_directed_treatment=;tfua=;gdpr=0;gdpr_consent=;ltd=;dc_tdv=1\" target=\"_blank\" rel=\"noopener noreferrer nofollow\"> feira de Las Vegas<\/a> um mundo dif\u00edcil de \u201cnavegar\u201d e onde \u00e9 preciso saber o que fazer para conseguir a aten\u00e7\u00e3o certa, mas tamb\u00e9m faz com que seja um evento fundamental para muitas empresas<\/strong>. Este ano s\u00e3o esperados mais de 150 mil visitantes para conhecer os produtos e solu\u00e7\u00f5es de mais de 4.500 expositores, nas tr\u00eas principais \u00e1reas de exposi\u00e7\u00e3o, mas 12 \u201ccentros\u201d oficiais de espa\u00e7o com mais de\u00a0232 mil metros quadrados, em hot\u00e9is e pavilh\u00f5es\u00a0que se estendem por v\u00e1rios pontos de Las Vegas.<\/p>\n<p><b data-stringify-type=\"bold\">N\u00e3o perca nenhuma not\u00edcia importante da atualidade de tecnologia e\u00a0<\/b><b data-stringify-type=\"bold\"><a class=\"c-link\" href=\"https:\/\/tek.sapo.pt\/\" target=\"_blank\" rel=\"noopener noreferrer nofollow\" data-stringify-link=\"https:\/\/tek.sapo.pt\/\" data-sk=\"tooltip_parent\">acompanhe tudo em tek.sapo.pt<\/a><\/b><\/p>\n<p>Na lista oficial constam quatro empresas como portuguesas. <strong>A Bandora, Appning by Forvia, a World Talent e a Ynvisible aparecem como expositoras, mas a World Talent n\u00e3o \u00e9 bem portuguesa. E h\u00e1 que contar tamb\u00e9m com a Defined.ai, que n\u00e3o tem um stand de exposi\u00e7\u00e3o mas que participa como visitante desde 2017 e como speaker, com a CEO Daniela Braga, desde 2000. \u00a0<\/strong><\/p>\n<p>O que procuram as empresas portuguesas em Las Vegas? <strong>Procur\u00e1mos conhecer as hist\u00f3rias a motiva\u00e7\u00f5es, mas tamb\u00e9m os produtos e solu\u00e7\u00f5es que est\u00e3o a mostrar na principal feira de tecnologia de consumo, e embora tenham modelos de participa\u00e7\u00e3o diferentes e apostas em \u00e1reas diferenciadas, a ambi\u00e7\u00e3o de conseguir chegar ao mercado norte americano \u00e9 comum.<\/strong><\/p>\n<p>O e<a href=\"https:\/\/tek.sapo.pt\/noticias\/negocios\/artigos\/ecossistema-de-startups-portuguesas-continua-a-crescer-e-ultrapassa-a-marca-das-5-mil-empresas\" target=\"_blank\" rel=\"noopener noreferrer nofollow\">cossistema de startups portuguesas continua a crescer e j\u00e1 ultrapassou os 5 mil, segundo dados da Startup Portugal<\/a>, e \u00e9 natural que destas muitas queira abra\u00e7ar o mercado norte americano<\/p>\n<p>A import\u00e2ncia deste mercado, sobretudo para quem est\u00e1 \u00e1 procura de financiamento, \u00e9 um dos motivos que justificam o investimento na CES, mas esta \u00e9 uma presen\u00e7a cara e nem sempre f\u00e1cil de concretizar e onde as startups precisam de mais apoio. <strong>Portugal n\u00e3o tem apostado em ter apoio para empresas nesta feira, ao contr\u00e1rio do que acontece noutras confer\u00eancia e exposi\u00e7\u00f5es, mas isso pode mudar.<\/strong><\/p>\n<p>Promover a internacionaliza\u00e7\u00e3o de mais empresas portuguesas nos Estados Unidos<\/p>\n<p>Este ano a Startup Portugal tem uma delega\u00e7\u00e3o na CES que est\u00e1 a avaliar a possibilidade de refor\u00e7ar a presen\u00e7a de empresas portuguesas. <strong>Miguel Aguiar, diretor da organiza\u00e7\u00e3o, explicou em entrevista ao TEK Not\u00edcias que \u201cPortugal tem todo o interesse em estar neste tipo de eventos, onde existe a capacidade de produzir novas ideias e promover o empreendedorismo\u201d.<\/strong><\/p>\n<p>Admitindo que o n\u00famero de empresas portuguesas na feira \u00e9 escasso, Miguel Aguiar diz que precisamos de mais empresas como a Bandora e a Defined.ai, e por isso a Startup Portugal coordenou esta visita com a <a href=\"https:\/\/en.wikipedia.org\/wiki\/Consumer_Technology_Association\" rel=\"nofollow noopener\" target=\"_blank\">Consumer Technology Association<\/a>\u00a0(CTA), que organiza a CES.<\/p>\n<blockquote><p>\u201cReceberam-nos de bra\u00e7os abertos e t\u00eam feito um caminho para nos cativar a participar como pa\u00eds\u201d, adianta dizendo que \u201cdesde o primeiro contacto mostraram que querem ter mais Portugal c\u00e1 porque \u00e9 cada vez mais um dos principais destinos na Europa para as startups americanas\u201d.<\/p><\/blockquote>\n<p><strong>Gary Saphiro, presidente da CTA, j\u00e1 tinha admitido em resposta ao TEK Not\u00edcias que a aposta da CES nas startups \u00e9 uma das prioridades da agenda da associa\u00e7\u00e3o<\/strong>, trazendo mais inova\u00e7\u00e3o para a feira de Las Vegas, sobretudo atrav\u00e9s do espa\u00e7o do Eureka Park. \u201cEssa aposta faz parte da nossa cultura\u201d, afirmou, dizendo que a feira foi criada para dar espa\u00e7o a todo o tipo e dimens\u00e3o de empresas tecnol\u00f3gicas.<\/p>\n<p>Para a Startup Portugal,<strong> ser portugu\u00eas na CES \u00e9 um privil\u00e9gio, <\/strong>e a rea\u00e7\u00e3o \u00e9 tamb\u00e9m muito positiva dos investidores e empresas que mostram interesse em trabalhar ainda mais com o pa\u00eds.<\/p>\n<p>A possibilidade do refor\u00e7o da presen\u00e7a de Portugal na CES est\u00e1 em cima da mesa, mas \u00e9 importante que esta seja uma aposta pensada. <strong>\u201cAs startups t\u00eam de saber quando vir para os EUA\u201d, explica, lembrando que pode vezes vinham cedo demais, ou para o Estado errado<\/strong>. \u00a0\u201cQueremos ajudar as empresas a perceber o estado de maturidade e as necessidades, e a identificarem parceiros e possibilidades de financiamento\u201d, justifica.<\/p>\n<p>A Startup Portugal<strong><a href=\"https:\/\/tek.sapo.pt\/extras\/site-do-dia\/artigos\/scale-up-now-prepara-startups-rumo-ao-mercado-dos-estados-unidos\" target=\"_blank\" rel=\"noopener noreferrer nofollow\">lan\u00e7ou no ano passado um novo programa para ajudar as empresas os Estados Unidos com o Scallup now <\/a><\/strong>e j\u00e1 teve centenas de inscri\u00e7\u00f5es. A iniciativa \u00e9 desenvolvida com a Plug and Play e tem duas fases, come\u00e7ando com cinco dias de um programa imersivo, de participa\u00e7\u00e3o gratuita e culminando com a escolha de cinco empresas que v\u00e3o participar no programa\u00a0de internacionaliza\u00e7\u00e3o\u00a0GOAL da Plug and Play.<\/p>\n<p>Miguel Aguiar v\u00ea como muito positiva a oportunidade das empresas portuguesas no mercado norte americano. <strong>\u201cO facto de Portugal ser um pa\u00eds pequenino pode ser visto como uma oportunidade para as startups que s\u00e3o criadas \u00e0 partida com uma mentalidade global\u201d, explica, afirmando que \u201co caminho para os EUA \u00e9 natural mas muitas vezes \u00e9 feito cedo demais\u201d. <\/strong><\/p>\n<p><strong>A mesma ideia de que as empresas portuguesas t\u00eam aqui um espa\u00e7o de desenvolvimento foi sublinhada por M\u00e1rcia Pereira, fundadora da Bandora, e por Thijs Van Herkhuizen, General manager da Appning by Forvia<\/strong>. As duas empresas t\u00eam um pensamento global e encorajam outras startups a seguir o mesmo caminho.<\/p>\n<blockquote><p>\u201cEncorajo mais startups em Portugal para olharem para l\u00e1 de Portugal e Europa, criarem uma presen\u00e7a aqui, serem vistos e serem expostos, especialmente se est\u00e3o na fase de levantamento de investimento porque os Estados Unidos s\u00e3o o maior mercado para conseguir esse financiamento\u201d, afirma Thijs Van Herkhuizen.<\/p><\/blockquote>\n<p><strong>Quanto \u00e0 possibilidade de apoio do Governo para trazer mais empresas portuguesas, esse \u00e9 tamb\u00e9m um passo visto com bons olhos<\/strong>. \u201c\u00c9 muito importante que o governo portugu\u00eas suporte o desenvolvimento de tecnologia em Portugal\u201d, afirma o General manager da Appning by Forvia. \u201cA tecnologia \u00e9 um dos drivers de crescimento e penso que outros pa\u00edses mostraram como fazer isso\u201d, sublinha, lembrando que um pavilh\u00e3o portugu\u00eas pode trazer as melhores startups, porque por vezes na fase inicial n\u00e3o \u00e9 f\u00e1cil construir uma equipa para gerir tudo.<\/p>\n<p>  <a href=\"https:\/\/mb.web.sapo.io\/4b36a523ed1381b1ba912c255b381e435b53ff2f.jpg\" title=\"S\u00e9rgio Sousa e Thijs Van Herkhuizen da Appning by Forvia\" data-ps-trigger=\"\" data-index=\"1\" data-ps-single-photo=\"true\" target=\"_blank\" rel=\"nofollow noopener\">  S\u00e9rgio Sousa e Thijs Van Herkhuizen da Appning by Forvia<\/p>\n<p>S\u00e9rgio Sousa e Thijs Van Herkhuizen da Appning by Forvia<\/p>\n<p>&#8221; data-title=&#8221;S\u00e9rgio Sousa e Thijs Van Herkhuizen da Appning by Forvia &#8211; CES 2026: Presen\u00e7a de empresas portuguesas na feira de Las Vegas \u00e9 curta mas com ambi\u00e7\u00e3o. Refor\u00e7o do n\u00famero de startups pode estar a caminho &#8211; Tek Not\u00edcias&#8221;&gt;                <img decoding=\"async\" src=\"https:\/\/www.europesays.com\/pt\/wp-content\/uploads\/2026\/01\/lvcg30+8LM=.jpeg\" alt=\"S\u00e9rgio Sousa e Thijs Van Herkhuizen da Appning by Forvia\" title=\"S\u00e9rgio Sousa e Thijs Van Herkhuizen da Appning by Forvia\"\/>   <\/a>     S\u00e9rgio Sousa e Thijs Van Herkhuizen da Appning by Forvia   S\u00e9rgio Sousa e Thijs Van Herkhuizen da Appning by Forvia<br \/>\n<strong>Bandora: um pitch com bilhete para a CES 2026<\/strong><\/p>\n<p>Foi a <a href=\"https:\/\/tek.sapo.pt\/noticias\/negocios\/artigos\/bandora-ganha-pitch-da-cta-e-conquista-um-lugar-de-expositor-na-ces-2026\" target=\"_blank\" rel=\"noopener noreferrer nofollow\">participa\u00e7\u00e3o no <strong>pitch competition que decorreu em Lisboa, a par do CEO Summit<\/strong><\/a>, a confer\u00eancia anual da\u00a0<a href=\"https:\/\/tek.sapo.pt\/pesquisar?q=CTA\" rel=\"nofollow noopener\" target=\"_blank\">CTA<\/a>, que garantiu \u00e0 Bandora um bilhete para participar na CES, no Eureka Park. <strong>A empresa desenvolveu uma plataforma SaaS para optimizar o consumo de energia nos edif\u00edcios\u00a0e j\u00e1 tem neg\u00f3cios em v\u00e1rias partes do mundo, <\/strong>com solu\u00e7\u00f5es instaladas nos Estados Unidos mas tamb\u00e9m no M\u00e9dio Oriente, com o Qatar onde tem uma parceria com a empresa de telecomunica\u00e7\u00f5es Ooredo.<\/p>\n<p>  <a href=\"https:\/\/mb.web.sapo.io\/79ea07fa1343f2537772e6452895148084f1b5be.jpg\" title=\"M\u00e1rcia Pereira, CEO da Bandora, CES 2026\" data-ps-trigger=\"\" data-index=\"1\" data-ps-single-photo=\"true\" target=\"_blank\" rel=\"nofollow noopener\">  M\u00e1rcia Pereira, CEO da Bandora, CES 2026<\/p>\n<p>M\u00e1rcia Pereira, CEO da Bandora, CES 2026<\/p>\n<p>&#8221; data-title=&#8221;M\u00e1rcia Pereira, CEO da Bandora, CES 2026 &#8211; CES 2026: Presen\u00e7a de empresas portuguesas na feira de Las Vegas \u00e9 curta mas com ambi\u00e7\u00e3o. Refor\u00e7o do n\u00famero de startups pode estar a caminho &#8211; Tek Not\u00edcias&#8221;&gt;                <img decoding=\"async\" src=\"https:\/\/www.europesays.com\/pt\/wp-content\/uploads\/2026\/01\/EurgbLkzC2tuGjdoLw5I2mxqs5fr6Tt8CSr3S4AIvKzRj62hzGu6qq2SsIyap0FVI9dAMYgG14o63e8+Q=.jpeg\" alt=\"M\u00e1rcia Pereira, CEO da Bandora, CES 2026\" title=\"M\u00e1rcia Pereira, CEO da Bandora, CES 2026\"\/>   <\/a>     M\u00e1rcia Pereira, CEO da Bandora, CES 2026   M\u00e1rcia Pereira, CEO da Bandora, CES 2026      <\/p>\n<p><strong>M\u00e1rcia Pereira, CEO da Bandora, explica que o objetivo da presen\u00e7a na CES 2026 \u00e9 mostrar as solu\u00e7\u00f5es da empresa e a sua plataforma mas tamb\u00e9m procurar parceiros que possam ajudar a instalar a tecnologia. <\/strong><\/p>\n<p>Com um modelo de presen\u00e7a bastante diferente,<strong> a<\/strong> <strong>Appning by Forvia optou este ano por estar nas suites da Torre do Venitian, onde s\u00f3 se entra por convite<\/strong>. \u201cTemos uma experi\u00eancia mais personalizada e conversas mais aprofundadas\u201d, explica Thijs Van Herkhuizen, admitindo que o investimento \u00e9 diferente, mas sem divulgar n\u00fameros.<\/p>\n<p>A empresa desenvolve uma plataforma para o mercado de conte\u00fados para autom\u00f3veis e os sistemas de infotainment dos ve\u00edculos. <strong>A CES \u00e9 um destino habitual desde que a empresa foi criada e herda o hist\u00f3rico da Faurecia Aptoide Automotive<\/strong>. A compra pela Forvia e a mudan\u00e7a de nome para Appning sustentam a ambi\u00e7\u00e3o de continuar a dar cartas na ind\u00fastria autom\u00f3vel onde a condu\u00e7\u00e3o aut\u00f3noma vem abrir novas possibilidades para a \u00e1rea de entretenimento.<\/p>\n<p><strong>Tamb\u00e9m diferente \u00e9 o caso da Defined.ai. A empresa \u00e9 \u201cveterana\u201d na CES, onde participa desde 2017 como expositora e desde 2020 como speaker<\/strong>, atrav\u00e9s da CEO Daniela Braga. Este ano aproveitou para anunciar a expans\u00e3o da sua oferta de dados para a IA f\u00edsica, um dos grandes temas do ano, com ferramentas para treino de robots.<\/p>\n<p>Nem todas as empresas que queriam ir \u00e0 CES conseguiram concretizar esse objetivo. R<strong>odolfo Santos, Co fundador da VeriCasa, explicou ao TEK Not\u00edcias que os EUA est\u00e3o nos seus planos de expans\u00e3o mas que decidiram n\u00e3o participar na CES 2026, e a falta de apoio \u00e9 uma das raz\u00f5es.<\/strong> &#8220;Pass\u00e1mos o ano de 2025 a participar no programa Business Abroad da Unicorn Factory, fomos \u00e0 Web Summit Vancouver, Vivatech Paris, Madrid South Summit, e Gitex em Dubai. Para al\u00e9m de diversas outras confer\u00eancias em Londres e Am\u00e9rica do Sul&#8221;, explica.<\/p>\n<p>Apesar de admitir que a CES pode ser muito gen\u00e9rica e que para uma startup de nicho, o investimento de participar e de &#8220;usar os nossos recursos em mais uma confer\u00eancia massiva pode n\u00e3o fazer muito sentido. Ainda que seja atrativo! E por isso nos candidat\u00e1mos&#8221;, adiantou ainda. Mas sublinha que &#8220;<strong>numa curta verdade, se Portugal tivesse um apoio, n\u00e3o apenas para suportar o custo do bilhete\/booth, mas fosse um apoio com viagem e estadia, sim, ir\u00edamos participar com toda a certeza&#8221;<\/strong><\/p>\n<p>Este ano o TEK Not\u00edcias volta a estar em Las Vegas para acompanhar os principais an\u00fancios, e pode seguir tudo com o nosso\u00a0<a href=\"https:\/\/tek.sapo.pt\/multimedia\/especiais\/ces-2026-a-inteligencia-artificial-e-os-gadgets-na-feira-de-las-vegas\" target=\"_blank\" rel=\"noopener noreferrer nofollow\">Especial CES 2026<\/a>.Clique nas imagens para ver com mais detalhe                        <\/p>\n<p>Nota de reda\u00e7\u00e3o: O TEK Not\u00edcias viajou para a CES a convite da Consumer Technology Association (CTA).<\/p>\n<p>Assine a\u00a0<a href=\"https:\/\/teknoticias.us15.list-manage.com\/subscribe?u=9a06a5af5e9150806abc02bae&amp;id=ef9b27090d\" target=\"_blank\" rel=\"noopener noreferrer nofollow\" data-stringify-link=\"https:\/\/teknoticias.us15.list-manage.com\/subscribe?u=9a06a5af5e9150806abc02bae&amp;id=ef9b27090d\" data-sk=\"tooltip_parent\">newsletter do TEK Not\u00edcias<\/a>\u00a0e receba todos os dias as principais not\u00edcias de tecnologia na sua caixa de correio.<\/p>\n","protected":false},"excerpt":{"rendered":"Os n\u00fameros de expositores, visitantes e espa\u00e7os de exposi\u00e7\u00e3o na CES s\u00e3o sempre impressionantes, o que torna a&hellip;\n","protected":false},"author":2,"featured_media":221949,"comment_status":"","ping_status":"","sticky":false,"template":"","format":"standard","meta":{"footnotes":""},"categories":[84],"tags":[109,107,108,32,33,105,103,104,106,110],"class_list":{"0":"post-221948","1":"post","2":"type-post","3":"status-publish","4":"format-standard","5":"has-post-thumbnail","7":"category-ciencia-e-tecnologia","8":"tag-ciencia","9":"tag-ciencia-e-tecnologia","10":"tag-cienciaetecnologia","11":"tag-portugal","12":"tag-pt","13":"tag-science","14":"tag-science-and-technology","15":"tag-scienceandtechnology","16":"tag-technology","17":"tag-tecnologia"},"share_on_mastodon":{"url":"https:\/\/pubeurope.com\/@pt\/115864940327965149","error":""},"_links":{"self":[{"href":"https:\/\/www.europesays.com\/pt\/wp-json\/wp\/v2\/posts\/221948","targetHints":{"allow":["GET"]}}],"collection":[{"href":"https:\/\/www.europesays.com\/pt\/wp-json\/wp\/v2\/posts"}],"about":[{"href":"https:\/\/www.europesays.com\/pt\/wp-json\/wp\/v2\/types\/post"}],"author":[{"embeddable":true,"href":"https:\/\/www.europesays.com\/pt\/wp-json\/wp\/v2\/users\/2"}],"replies":[{"embeddable":true,"href":"https:\/\/www.europesays.com\/pt\/wp-json\/wp\/v2\/comments?post=221948"}],"version-history":[{"count":0,"href":"https:\/\/www.europesays.com\/pt\/wp-json\/wp\/v2\/posts\/221948\/revisions"}],"wp:featuredmedia":[{"embeddable":true,"href":"https:\/\/www.europesays.com\/pt\/wp-json\/wp\/v2\/media\/221949"}],"wp:attachment":[{"href":"https:\/\/www.europesays.com\/pt\/wp-json\/wp\/v2\/media?parent=221948"}],"wp:term":[{"taxonomy":"category","embeddable":true,"href":"https:\/\/www.europesays.com\/pt\/wp-json\/wp\/v2\/categories?post=221948"},{"taxonomy":"post_tag","embeddable":true,"href":"https:\/\/www.europesays.com\/pt\/wp-json\/wp\/v2\/tags?post=221948"}],"curies":[{"name":"wp","href":"https:\/\/api.w.org\/{rel}","templated":true}]}}