{"id":221962,"date":"2026-01-09T11:47:08","date_gmt":"2026-01-09T11:47:08","guid":{"rendered":"https:\/\/www.europesays.com\/pt\/221962\/"},"modified":"2026-01-09T11:47:08","modified_gmt":"2026-01-09T11:47:08","slug":"joao-cancelo-chega-esta-sexta-feira-a-catalunha-para-assinar-pelo-barcelona","status":"publish","type":"post","link":"https:\/\/www.europesays.com\/pt\/221962\/","title":{"rendered":"Jo\u00e3o Cancelo chega esta sexta-feira \u00e0 Catalunha para assinar pelo Barcelona"},"content":{"rendered":"<p>O regresso de Jo\u00e3o Cancelo ao Barcelona est\u00e1 praticamente acertado e, segundo o &#8216;Mundo Deportivo&#8217;, o lateral portugu\u00eas deve chegar \u00e0 Catalunha ainda hoje para realizar os habituais exames m\u00e9dicos. Tanto Deco como Hansi Flick j\u00e1 tinham confirmado a transfer\u00eancia e este \u00e9 o \u00fanico passo em falta, antes da oficializa\u00e7\u00e3o de Cancelo que chega por empr\u00e9stimo do Al Hilal at\u00e9 ao final da temporada. O internacional portugu\u00eas j\u00e1 deixou a Ar\u00e1bia Saudita, n\u00e3o tendo participado na vit\u00f3ria (3-0) sobre o Al Hazem, tal como n\u00e3o jogara nas tr\u00eas partidas anteriores da Saudi Pro League.<\/p>\n<p>Jo\u00e3o Cancelo apenas ser\u00e1 apresentado pelo emblema catal\u00e3o ap\u00f3s a final da Superta\u00e7a, agendada para domingo, devendo a cerim\u00f3nia ter lugar no Spotify Camp Nou na pr\u00f3xima semana. O Barcelona disputa a final da Superta\u00e7a de Espanha frente ao Real Madrid, este domingo na Ar\u00e1bia Saudita. Portanto, s\u00f3 a partir de segunda-feira, depois do regresso do Bar\u00e7a a casa, \u00e9 que o portugu\u00eas ser\u00e1 apresentado.<\/p>\n","protected":false},"excerpt":{"rendered":"O regresso de Jo\u00e3o Cancelo ao Barcelona est\u00e1 praticamente acertado e, segundo o &#8216;Mundo Deportivo&#8217;, o lateral portugu\u00eas&hellip;\n","protected":false},"author":2,"featured_media":221963,"comment_status":"","ping_status":"","sticky":false,"template":"","format":"standard","meta":{"footnotes":""},"categories":[87],"tags":[135,32,33,134],"class_list":{"0":"post-221962","1":"post","2":"type-post","3":"status-publish","4":"format-standard","5":"has-post-thumbnail","7":"category-desporto","8":"tag-desporto","9":"tag-portugal","10":"tag-pt","11":"tag-sports"},"share_on_mastodon":{"url":"https:\/\/pubeurope.com\/@pt\/115864983607350968","error":""},"_links":{"self":[{"href":"https:\/\/www.europesays.com\/pt\/wp-json\/wp\/v2\/posts\/221962","targetHints":{"allow":["GET"]}}],"collection":[{"href":"https:\/\/www.europesays.com\/pt\/wp-json\/wp\/v2\/posts"}],"about":[{"href":"https:\/\/www.europesays.com\/pt\/wp-json\/wp\/v2\/types\/post"}],"author":[{"embeddable":true,"href":"https:\/\/www.europesays.com\/pt\/wp-json\/wp\/v2\/users\/2"}],"replies":[{"embeddable":true,"href":"https:\/\/www.europesays.com\/pt\/wp-json\/wp\/v2\/comments?post=221962"}],"version-history":[{"count":0,"href":"https:\/\/www.europesays.com\/pt\/wp-json\/wp\/v2\/posts\/221962\/revisions"}],"wp:featuredmedia":[{"embeddable":true,"href":"https:\/\/www.europesays.com\/pt\/wp-json\/wp\/v2\/media\/221963"}],"wp:attachment":[{"href":"https:\/\/www.europesays.com\/pt\/wp-json\/wp\/v2\/media?parent=221962"}],"wp:term":[{"taxonomy":"category","embeddable":true,"href":"https:\/\/www.europesays.com\/pt\/wp-json\/wp\/v2\/categories?post=221962"},{"taxonomy":"post_tag","embeddable":true,"href":"https:\/\/www.europesays.com\/pt\/wp-json\/wp\/v2\/tags?post=221962"}],"curies":[{"name":"wp","href":"https:\/\/api.w.org\/{rel}","templated":true}]}}