{"id":221974,"date":"2026-01-09T11:55:15","date_gmt":"2026-01-09T11:55:15","guid":{"rendered":"https:\/\/www.europesays.com\/pt\/221974\/"},"modified":"2026-01-09T11:55:15","modified_gmt":"2026-01-09T11:55:15","slug":"brian-de-palma-gravara-novo-filme-em-2026-com-rt-features-08-01-2026-ilustrada","status":"publish","type":"post","link":"https:\/\/www.europesays.com\/pt\/221974\/","title":{"rendered":"Brian de Palma gravar\u00e1 novo filme em 2026 com RT Features &#8211; 08\/01\/2026 &#8211; Ilustrada"},"content":{"rendered":"<p><a href=\"https:\/\/www1.folha.uol.com.br\/fsp\/ilustrad\/fq1205201106.htm\" rel=\"nofollow noopener\" target=\"\">Brian de Palma<\/a>, 84 anos, diretor conhecido por filmes como &#8220;<a href=\"https:\/\/www1.folha.uol.com.br\/fsp\/ilustrada\/95854-quotum-tiro-na-noitequot-e-um-dos-melhores-filmes-de-de-palma.shtml\" rel=\"nofollow noopener\" target=\"\">Um Tiro na Noite<\/a>&#8220;, &#8220;<a href=\"https:\/\/www1.folha.uol.com.br\/folha\/reuters\/ult112u3943.shtml\" rel=\"nofollow noopener\" target=\"\">Carrie, a Estranha<\/a>&#8220;, &#8220;<a href=\"https:\/\/www1.folha.uol.com.br\/mundo\/2020\/01\/tres-decadas-depois-os-intocaveis-ainda-e-melhor-filme-sobre-lei-seca.shtml\" rel=\"nofollow noopener\" target=\"\">Os Intoc\u00e1veis<\/a>&#8221; e &#8220;<a href=\"https:\/\/www1.folha.uol.com.br\/blogs\/bau-do-cinema\/2024\/01\/scarface-faz-40-anos-veja-curiosidade-sobre-o-filme.shtml\" rel=\"nofollow noopener\" target=\"\">Scarface<\/a>&#8220;, gravar\u00e1 seu novo longa, &#8220;Sweet Vengeance&#8221; (&#8220;Doce Vingan\u00e7a&#8221;, em tradu\u00e7\u00e3o livre), neste ano, em Portugal. A informa\u00e7\u00e3o foi publicada pelo <a href=\"https:\/\/www1.folha.uol.com.br\/ilustrada\/2019\/02\/filme-brasileiro-sobre-metafisica-do-anus-e-sagaz-diz-critica-internacional.shtml\" rel=\"nofollow noopener\" target=\"\">The Film Stage<\/a> e compartilhada pelo produtor brasileiro <a href=\"https:\/\/www1.folha.uol.com.br\/ilustrada\/2025\/03\/produtor-de-ainda-estou-aqui-tenta-superar-crise-com-credores-causada-por-dividas.shtml\" rel=\"nofollow noopener\" target=\"\">Rodrigo Teixeira<\/a>, da <a href=\"https:\/\/www1.folha.uol.com.br\/folha-100-anos\/2021\/02\/folha-fecha-parceria-com-rt-features-para-levar-reportagens-ao-cinema-e-a-tv.shtml\" rel=\"nofollow noopener\" target=\"\">RT Features<\/a>, respons\u00e1vel por t\u00edtulos como &#8220;<a href=\"https:\/\/www1.folha.uol.com.br\/ilustrada\/2018\/01\/1950419-excesso-de-felicidade-deixa-filme-me-chame-pelo-seu-nome-monotono.shtml\" rel=\"nofollow noopener\" target=\"\">Me Chame Pelo Seu Nome<\/a>&#8220;, &#8220;A Bruxa&#8221; e &#8220;<a href=\"https:\/\/www1.folha.uol.com.br\/ilustrada\/2025\/12\/com-ainda-estou-aqui-e-agente-secreto-2025-foi-ano-prospero-no-cinema.shtml\" rel=\"nofollow noopener\" target=\"\">Ainda Estou Aqui<\/a>&#8220;.<\/p>\n<p>O cineasta falou sobre o projeto em algumas ocasi\u00f5es desde 2018, quando a produ\u00e7\u00e3o foi anunciada. Na \u00e9poca, inclusive, foi divulgado que <a href=\"https:\/\/www1.folha.uol.com.br\/folha-topicos\/wagner-moura\/\" rel=\"nofollow noopener\" target=\"\">Wagner Moura<\/a>, que concorre ao <a href=\"https:\/\/www1.folha.uol.com.br\/folha-topicos\/globo-de-ouro\/\" rel=\"nofollow noopener\" target=\"\">Globo de Ouro<\/a> neste domingo por &#8220;<a href=\"https:\/\/www1.folha.uol.com.br\/folha-topicos\/o-agente-secreto\/\" rel=\"nofollow noopener\" target=\"\">O Agente Secreto<\/a>&#8220;, protagonizaria a trama. Segundo Teixeira, que disse \u00e0 <strong>Folha<\/strong> se sentir privilegiado por participar do filme, do qual a RT Features j\u00e1 fazia parte, Moura n\u00e3o est\u00e1 mais no projeto. Demais informa\u00e7\u00f5es sobre o elenco ainda n\u00e3o foram divulgadas e o filme deve chegar aos cinemas em 2027.<\/p>\n<p>Anos atr\u00e1s, as filmagens de &#8220;Sweet Vengeance&#8221; estavam previstas para 2019, em <a href=\"https:\/\/www1.folha.uol.com.br\/folha-topicos\/montevideu\/\" rel=\"nofollow noopener\" target=\"\">Montevid\u00e9u<\/a>, no <a href=\"https:\/\/www1.folha.uol.com.br\/folha-topicos\/uruguai\/\" rel=\"nofollow noopener\" target=\"\">Uruguai<\/a>, mas n\u00e3o sa\u00edram do papel e n\u00e3o foram divulgados detalhes sobre o destino do projeto. Em 2024, por\u00e9m, De Palma disse ao <a href=\"https:\/\/www1.folha.uol.com.br\/ilustrada\/2025\/01\/fernanda-torres-e-brilhante-e-sutil-em-ainda-estou-aqui-diz-critico-do-vulture.shtml\" rel=\"nofollow noopener\" target=\"\">Vulture<\/a> que &#8220;ainda tinha mais um filme para fazer&#8221;.<\/p>\n<p>Na \u00e9poca, f\u00e3s levantaram outra possibilidade al\u00e9m de &#8220;Sweet Vengeance&#8221; \u2014tamb\u00e9m em 2018, o diretor revelou que desenvolvia &#8220;Predator&#8221;, terror baseado no ex-produtor <a href=\"https:\/\/www1.folha.uol.com.br\/folha-topicos\/harvey-weinstein\/\" rel=\"nofollow noopener\" target=\"\">Harvey Weinstein<\/a>. O projeto n\u00e3o foi lan\u00e7ado.<\/p>\n<p>Condenado a 23 anos de pris\u00e3o em 2020 por crimes sexuais, Weinstein recebeu diversas acusa\u00e7\u00f5es e levou ao estopim do <a href=\"https:\/\/www1.folha.uol.com.br\/ilustrada\/2022\/12\/metoo-transformou-compreensao-do-assedio-mas-ha-muito-a-se-fazer.shtml\" rel=\"nofollow noopener\" target=\"\">MeToo<\/a>, movimento que encorajou diversas mulheres a denunciarem abusos por parte de figur\u00f5es da ind\u00fastria americana.<\/p>\n<p>Segundo o The Film Stage, &#8220;Sweet Vengeance&#8221; deve alinhar estrat\u00e9gias de filmes e s\u00e9ries do g\u00eanero &#8220;<a href=\"https:\/\/www1.folha.uol.com.br\/colunas\/mauriciostycer\/2025\/08\/duas-series-brasileiras-de-true-crime-ficam-no-meio-do-caminho-dos-fatos.shtml\" rel=\"nofollow noopener\" target=\"\">true-crime<\/a>&#8220;, que explodiu nos \u00faltimos anos ao se basear em crimes reais, e cenas t\u00edpicas do diretor. O \u00faltimo projeto lan\u00e7ado por ele foi o suspense de a\u00e7\u00e3o &#8220;Domino&#8221;, que estreou em 2019.<\/p>\n<p>Reconhecido por seus enquadramentos estilizados, com cores fortes e recursos visuais marcantes, por tramas carregadas de metalinguagem e narrativas movidas por sangue, mortes e reviravoltas, De Palma, respons\u00e1vel tamb\u00e9m por filmes como &#8220;<a href=\"https:\/\/www1.folha.uol.com.br\/guia-de-livros-discos-filmes\/2016\/04\/1765250-colecao-tem-tres-dos-melhores-filmes-do-diretor-brian-de-palma.shtml\" rel=\"nofollow noopener\" target=\"\">O Fantasma do Para\u00edso<\/a>&#8221; e &#8220;<a href=\"https:\/\/www1.folha.uol.com.br\/fsp\/1995\/10\/09\/ilustrada\/15.html\" rel=\"nofollow noopener\" target=\"\">Dubl\u00ea de Corpo<\/a>&#8220;, \u00e9 tido por entusiastas como um dos respons\u00e1veis por modernizar a linguagem do cinema hollywoodiano.<\/p>\n","protected":false},"excerpt":{"rendered":"Brian de Palma, 84 anos, diretor conhecido por filmes como &#8220;Um Tiro na Noite&#8220;, &#8220;Carrie, a Estranha&#8220;, &#8220;Os&hellip;\n","protected":false},"author":2,"featured_media":221975,"comment_status":"","ping_status":"","sticky":false,"template":"","format":"standard","meta":{"footnotes":""},"categories":[145],"tags":[207,211,210,14114,470,114,115,236,2595,3670,32,33,42877,22508],"class_list":{"0":"post-221974","1":"post","2":"type-post","3":"status-publish","4":"format-standard","5":"has-post-thumbnail","7":"category-celebridades","8":"tag-arte","9":"tag-celebridades","10":"tag-celebrities","11":"tag-cineasta","12":"tag-cinema","13":"tag-entertainment","14":"tag-entretenimento","15":"tag-folha","16":"tag-hollywood","17":"tag-los-angeles","18":"tag-portugal","19":"tag-pt","20":"tag-rodrigo-teixeira","21":"tag-true-crime"},"share_on_mastodon":{"url":"https:\/\/pubeurope.com\/@pt\/115865014910371712","error":""},"_links":{"self":[{"href":"https:\/\/www.europesays.com\/pt\/wp-json\/wp\/v2\/posts\/221974","targetHints":{"allow":["GET"]}}],"collection":[{"href":"https:\/\/www.europesays.com\/pt\/wp-json\/wp\/v2\/posts"}],"about":[{"href":"https:\/\/www.europesays.com\/pt\/wp-json\/wp\/v2\/types\/post"}],"author":[{"embeddable":true,"href":"https:\/\/www.europesays.com\/pt\/wp-json\/wp\/v2\/users\/2"}],"replies":[{"embeddable":true,"href":"https:\/\/www.europesays.com\/pt\/wp-json\/wp\/v2\/comments?post=221974"}],"version-history":[{"count":0,"href":"https:\/\/www.europesays.com\/pt\/wp-json\/wp\/v2\/posts\/221974\/revisions"}],"wp:featuredmedia":[{"embeddable":true,"href":"https:\/\/www.europesays.com\/pt\/wp-json\/wp\/v2\/media\/221975"}],"wp:attachment":[{"href":"https:\/\/www.europesays.com\/pt\/wp-json\/wp\/v2\/media?parent=221974"}],"wp:term":[{"taxonomy":"category","embeddable":true,"href":"https:\/\/www.europesays.com\/pt\/wp-json\/wp\/v2\/categories?post=221974"},{"taxonomy":"post_tag","embeddable":true,"href":"https:\/\/www.europesays.com\/pt\/wp-json\/wp\/v2\/tags?post=221974"}],"curies":[{"name":"wp","href":"https:\/\/api.w.org\/{rel}","templated":true}]}}