{"id":221980,"date":"2026-01-09T12:02:10","date_gmt":"2026-01-09T12:02:10","guid":{"rendered":"https:\/\/www.europesays.com\/pt\/221980\/"},"modified":"2026-01-09T12:02:10","modified_gmt":"2026-01-09T12:02:10","slug":"vigilancia-em-saude-intensifica-acoes-de-monitoramento-e-controle-do-aedes-aegypti-prefeitura-de-bage","status":"publish","type":"post","link":"https:\/\/www.europesays.com\/pt\/221980\/","title":{"rendered":"Vigil\u00e2ncia em Sa\u00fade intensifica a\u00e7\u00f5es de monitoramento e controle do Aedes aegypti \u2014 Prefeitura de Bag\u00e9"},"content":{"rendered":"<p>A Prefeitura de Bag\u00e9, por meio da Secretaria Municipal de Sa\u00fade e Aten\u00e7\u00e3o \u00e0 Pessoa com Defici\u00eancia, est\u00e1 intensificando as a\u00e7\u00f5es de monitoramento e controle do mosquito transmissor da dengue, zika e chikungunya, o Aedes aegypti.<\/p>\n<p>Dessa forma, na pr\u00f3xima segunda-feira, dia 12, come\u00e7ar\u00e1 um novo Levantamento R\u00e1pido de \u00cdndices para Aedes aegypti (LIRAa). O LIRAa \u00e9 um procedimento realizado pelo servi\u00e7o de Vigil\u00e2ncia em Sa\u00fade p\u00fablica no Brasil e tem como objetivo mapear a infesta\u00e7\u00e3o do mosquito, identificando as \u00e1reas de risco.<\/p>\n<p>A coordenadora de Vigil\u00e2ncia em Sa\u00fade, Luciane Lucas, explica que o levantamento \u00e9 realizado conforme cronograma definido pelo Minist\u00e9rio da Sa\u00fade, sendo realizado em m\u00e9dia quatro por ano. \u201cAgora come\u00e7a o per\u00edodo com meses mais cr\u00edticos em prolifera\u00e7\u00e3o do mosquito e esse programa nos fornece, por meio de amostragem, os quarteiros a serem visitados para coleta de amostras para verificar a presen\u00e7a ou n\u00e3o do mosquito Aedes aegypti\u201d, detalha.<\/p>\n<p>Luciane Lucas detalha que na segunda quinzena de dezembro de 2025 foram identificados pontos estrat\u00e9gicos com focos do mosquito em quarteir\u00f5es da rua General Os\u00f3rio (Centro), avenida Santa Tecla (bairro Industrial); rua Ang\u00e9lica Jardim (bairro Castro Alves); rua Dr. Pena (bairro Floresta); rua dos Trilhos (bairro Pedra Branca); rua Manoel Quintanilha (bairro Popular) e Ang\u00e9lica Jardim (Bairro Goulart).<\/p>\n<p>Com a a\u00e7\u00e3o que come\u00e7ar\u00e1 na pr\u00f3xima segunda-feira, a estimativa \u00e9 visitar 1700 casas em diversos bairros da cidade. \u201cDepois de terminar o LIRAa, nos bairros em que forem encontrados focos, faremos um trabalho de orienta\u00e7\u00e3o aos propriet\u00e1rios dos im\u00f3veis, bem como encerraremos com esses criadouros. Por isso, reiteramos \u00e0 popula\u00e7\u00e3o que redobre a aten\u00e7\u00e3o em rela\u00e7\u00e3o ao mosquito, mantendo seus p\u00e1tios em condi\u00e7\u00f5es que n\u00e3o ocorra o surgimento de criadouros\u201d, enfatiza a coordenadora de Vigil\u00e2ncia em Sa\u00fade de Bag\u00e9.<\/p>\n<p>O secret\u00e1rio de Sa\u00fade e Aten\u00e7\u00e3o \u00e0 Pessoa com Defici\u00eancia, Gilson Machado, ressalta a import\u00e2ncia da parceria com a comunidade em a\u00e7\u00f5es de monitoramento e controle do mosquito Aedes aegypti. \u201c\u00c9 essencial que os mun\u00edcipes recebam os agentes de endemia em suas resid\u00eancias para receber orienta\u00e7\u00f5es e tamb\u00e9m para a erradica\u00e7\u00e3o de poss\u00edveis criadouros do mosquito, quando existentes\u201d, salienta o gestor.<\/p>\n","protected":false},"excerpt":{"rendered":"A Prefeitura de Bag\u00e9, por meio da Secretaria Municipal de Sa\u00fade e Aten\u00e7\u00e3o \u00e0 Pessoa com Defici\u00eancia, est\u00e1&hellip;\n","protected":false},"author":2,"featured_media":221981,"comment_status":"","ping_status":"","sticky":false,"template":"","format":"standard","meta":{"footnotes":""},"categories":[86],"tags":[116,32,33,117],"class_list":{"0":"post-221980","1":"post","2":"type-post","3":"status-publish","4":"format-standard","5":"has-post-thumbnail","7":"category-saude","8":"tag-health","9":"tag-portugal","10":"tag-pt","11":"tag-saude"},"share_on_mastodon":{"url":"https:\/\/pubeurope.com\/@pt\/115865042484231409","error":""},"_links":{"self":[{"href":"https:\/\/www.europesays.com\/pt\/wp-json\/wp\/v2\/posts\/221980","targetHints":{"allow":["GET"]}}],"collection":[{"href":"https:\/\/www.europesays.com\/pt\/wp-json\/wp\/v2\/posts"}],"about":[{"href":"https:\/\/www.europesays.com\/pt\/wp-json\/wp\/v2\/types\/post"}],"author":[{"embeddable":true,"href":"https:\/\/www.europesays.com\/pt\/wp-json\/wp\/v2\/users\/2"}],"replies":[{"embeddable":true,"href":"https:\/\/www.europesays.com\/pt\/wp-json\/wp\/v2\/comments?post=221980"}],"version-history":[{"count":0,"href":"https:\/\/www.europesays.com\/pt\/wp-json\/wp\/v2\/posts\/221980\/revisions"}],"wp:featuredmedia":[{"embeddable":true,"href":"https:\/\/www.europesays.com\/pt\/wp-json\/wp\/v2\/media\/221981"}],"wp:attachment":[{"href":"https:\/\/www.europesays.com\/pt\/wp-json\/wp\/v2\/media?parent=221980"}],"wp:term":[{"taxonomy":"category","embeddable":true,"href":"https:\/\/www.europesays.com\/pt\/wp-json\/wp\/v2\/categories?post=221980"},{"taxonomy":"post_tag","embeddable":true,"href":"https:\/\/www.europesays.com\/pt\/wp-json\/wp\/v2\/tags?post=221980"}],"curies":[{"name":"wp","href":"https:\/\/api.w.org\/{rel}","templated":true}]}}