{"id":221988,"date":"2026-01-09T12:08:10","date_gmt":"2026-01-09T12:08:10","guid":{"rendered":"https:\/\/www.europesays.com\/pt\/221988\/"},"modified":"2026-01-09T12:08:10","modified_gmt":"2026-01-09T12:08:10","slug":"trump-anuncia-saida-dos-eua-de-varios-organismos-das-nacoes-unidas-governacao","status":"publish","type":"post","link":"https:\/\/www.europesays.com\/pt\/221988\/","title":{"rendered":"Trump anuncia sa\u00edda dos EUA de v\u00e1rios organismos das Na\u00e7\u00f5es Unidas &#8211; Governa\u00e7\u00e3o"},"content":{"rendered":"<p class=\"\">&#13;<br \/>\n        Os Estados Unidos v\u00e3o abandonar dezenas de organismos internacionais e ag\u00eancias das Na\u00e7\u00f5es Unidas, incluindo a principal conven\u00e7\u00e3o global sobre altera\u00e7\u00f5es clim\u00e1ticas, numa decis\u00e3o anunciada esta quarta-feira. Donald Trump justificou a retirada com o argumento de que estas institui\u00e7\u00f5es \u201coperam contra os interesses nacionais\u201d dos EUA.&#13;\n    <\/p>\n<p class=\"\">&#13;<br \/>\n        <b>Entre os 66 organismos identificados est\u00e3o 31 entidades da ONU e 35 organiza\u00e7\u00f5es n\u00e3o pertencentes ao sistema das Na\u00e7\u00f5es Unidas.<\/b> Entre eles, a sa\u00edda da Conven\u00e7\u00e3o-Quadro das Na\u00e7\u00f5es Unidas sobre Altera\u00e7\u00f5es Clim\u00e1ticas (UNFCCC), que \u00e9 considerada o pilar central do regime clim\u00e1tico internacional e o tratado-base do Acordo de Paris. A confirmar-se, os Estados Unidos ser\u00e3o o \u00fanico pa\u00eds do mundo fora deste quadro.&#13;\n    <\/p>\n<p class=\"\">&#13;<br \/>\n        Washington prepara-se tamb\u00e9m para abandonar a ag\u00eancia da ONU para a igualdade de g\u00e9nero e o Fundo das Na\u00e7\u00f5es Unidas para a Popula\u00e7\u00e3o (UNFPA), ativo em mais de 150 pa\u00edses nas \u00e1reas do planeamento familiar e da sa\u00fade materna e infantil. O financiamento americano a este \u00faltimo programa j\u00e1 tinha sido cortado no ano passado.&#13;\n    <\/p>\n<p class=\"\">&#13;<br \/>\n        Segundo a Casa Branca, a retirada implica o fim da participa\u00e7\u00e3o e do financiamento \u201cna medida permitida por lei\u201d e integra uma revis\u00e3o geral dos compromissos internacionais dos EUA. <b>O objetivo, diz a administra\u00e7\u00e3o, \u00e9 p\u00f4r termo ao envolvimento em entidades que promovem \u201cagendas globalistas\u201d, pol\u00edticas clim\u00e1ticas consideradas \u201cradicais\u201d e modelos de governa\u00e7\u00e3o que colidem com a soberania e a for\u00e7a econ\u00f3mica americanas.<\/b>&#13;\n    <\/p>\n<p class=\"\">&#13;<br \/>\n        As rea\u00e7\u00f5es internacionais n\u00e3o demoraram a ouvir-se e t\u00eam sido duras, a come\u00e7ar por Guterres, que lamentou a sa\u00edda dos EUA destas organiza\u00e7\u00f5es. O respons\u00e1vel do clima das Na\u00e7\u00f5es Unidas, Simon Stiell, classificou a decis\u00e3o como um erro estrat\u00e9gico \u201ccolossal\u201d, alertando que a sa\u00edda enfraquece a economia americana e agrava riscos num contexto de fen\u00f3menos extremos cada vez mais frequentes.&#13;\n    <\/p>\n<p class=\"\">&#13;<br \/>\n        Na Europa, a vice-presidente executiva da Comiss\u00e3o Europeia, Teresa Ribera, acusou a administra\u00e7\u00e3o norte-americana de abdicar dos valores fundamentais da coopera\u00e7\u00e3o internacional. <b>\u201cA Casa Branca n\u00e3o se preocupa com o ambiente, a sa\u00fade ou o sofrimento das pessoas. Paz, justi\u00e7a, coopera\u00e7\u00e3o ou prosperidade n\u00e3o fazem parte das suas prioridades. Nem sequer o grande legado dos EUA na governa\u00e7\u00e3o global\u201d<\/b>, escreveu nas redes sociais.&#13;\n    <\/p>\n<p class=\"\">&#13;<br \/>\n        Nos EUA, o antigo vice-presidente Al Gore afirmou que a decis\u00e3o representa um retrocesso hist\u00f3rico e que, \u201cao retirar-se do IPCC, da UNFCCC e de outras parcerias internacionais vitais, <b>a administra\u00e7\u00e3o Trump est\u00e1 a desfazer d\u00e9cadas de diplomacia arduamente conquistada, a tentar minar a ci\u00eancia clim\u00e1tica e a semear desconfian\u00e7a em todo o mundo<\/b>\u201d.&#13;\n    <\/p>\n","protected":false},"excerpt":{"rendered":"&#13; Os Estados Unidos v\u00e3o abandonar dezenas de organismos internacionais e ag\u00eancias das Na\u00e7\u00f5es Unidas, incluindo a principal&hellip;\n","protected":false},"author":2,"featured_media":219436,"comment_status":"","ping_status":"","sticky":false,"template":"","format":"standard","meta":{"footnotes":""},"categories":[8],"tags":[2335,964,27,28,92,235,15,16,41415,14,25,26,21,22,12,13,19,20,41817,32,23,24,33,17,18,29,30,31],"class_list":{"0":"post-221988","1":"post","2":"type-post","3":"status-publish","4":"format-standard","5":"has-post-thumbnail","7":"category-principais-noticias","8":"tag-alteracoes-climaticas","9":"tag-ambiente","10":"tag-breaking-news","11":"tag-breakingnews","12":"tag-donald-trump","13":"tag-estados-unidos","14":"tag-featured-news","15":"tag-featurednews","16":"tag-fenomenos-climaticos","17":"tag-headlines","18":"tag-latest-news","19":"tag-latestnews","20":"tag-main-news","21":"tag-mainnews","22":"tag-news","23":"tag-noticias","24":"tag-noticias-principais","25":"tag-noticiasprincipais","26":"tag-organizacao-das-nacoes-unidas","27":"tag-portugal","28":"tag-principais-noticias","29":"tag-principaisnoticias","30":"tag-pt","31":"tag-top-stories","32":"tag-topstories","33":"tag-ultimas","34":"tag-ultimas-noticias","35":"tag-ultimasnoticias"},"share_on_mastodon":{"url":"https:\/\/pubeurope.com\/@pt\/115865066162886149","error":""},"_links":{"self":[{"href":"https:\/\/www.europesays.com\/pt\/wp-json\/wp\/v2\/posts\/221988","targetHints":{"allow":["GET"]}}],"collection":[{"href":"https:\/\/www.europesays.com\/pt\/wp-json\/wp\/v2\/posts"}],"about":[{"href":"https:\/\/www.europesays.com\/pt\/wp-json\/wp\/v2\/types\/post"}],"author":[{"embeddable":true,"href":"https:\/\/www.europesays.com\/pt\/wp-json\/wp\/v2\/users\/2"}],"replies":[{"embeddable":true,"href":"https:\/\/www.europesays.com\/pt\/wp-json\/wp\/v2\/comments?post=221988"}],"version-history":[{"count":0,"href":"https:\/\/www.europesays.com\/pt\/wp-json\/wp\/v2\/posts\/221988\/revisions"}],"wp:featuredmedia":[{"embeddable":true,"href":"https:\/\/www.europesays.com\/pt\/wp-json\/wp\/v2\/media\/219436"}],"wp:attachment":[{"href":"https:\/\/www.europesays.com\/pt\/wp-json\/wp\/v2\/media?parent=221988"}],"wp:term":[{"taxonomy":"category","embeddable":true,"href":"https:\/\/www.europesays.com\/pt\/wp-json\/wp\/v2\/categories?post=221988"},{"taxonomy":"post_tag","embeddable":true,"href":"https:\/\/www.europesays.com\/pt\/wp-json\/wp\/v2\/tags?post=221988"}],"curies":[{"name":"wp","href":"https:\/\/api.w.org\/{rel}","templated":true}]}}