{"id":221991,"date":"2026-01-09T12:12:07","date_gmt":"2026-01-09T12:12:07","guid":{"rendered":"https:\/\/www.europesays.com\/pt\/221991\/"},"modified":"2026-01-09T12:12:07","modified_gmt":"2026-01-09T12:12:07","slug":"cantora-portuguesa-escreve-cancao-arrepiante-para-maycon-e-nao-se-esquece-da-frase-mais-marcante-do-ex-concorrente-primeira-companhia","status":"publish","type":"post","link":"https:\/\/www.europesays.com\/pt\/221991\/","title":{"rendered":"Cantora portuguesa escreve can\u00e7\u00e3o arrepiante para Maycon e n\u00e3o se esquece da frase mais marcante do ex-concorrente &#8211; Primeira Companhia"},"content":{"rendered":"<p style=\"margin-bottom:11px\"><strong>Uma can\u00e7\u00e3o emocionante<\/strong> criada em mem\u00f3ria de Maycon Douglas<strong> est\u00e1 a comover as redes sociais<\/strong>. Renata Reis foi a primeira a partilhar a m\u00fasica, na manh\u00e3 desta sexta-feira, dia 9 de janeiro,<strong> quebrando assim o sil\u00eancio ap\u00f3s a confirma\u00e7\u00e3o da morte do jovem<\/strong>. A m\u00fasica, <strong>interpretada por Nufla,<\/strong> foi especialmente <strong>escrita para homenagear o ex-concorrente e apresenta uma letra profundamente tocante.<\/strong><\/p>\n<p>Atrav\u00e9s dos stories do Instagram, Renata Reis <strong>publicou uma fotografia emotiva dos dois<\/strong>, acompanhada pela voz inconfund\u00edvel de Nufla a cantar versos que arrepiam:<\/p>\n<p>\u00abN\u00e3o consigo acreditar na tua ida.<\/p>\n<p>S\u00f3 quero acreditar que \u00e9 mentira.<\/p>\n<p>Acorda-me deste pesadelo, tira-me deste relento.<\/p>\n<p>M\u00e3e, rapazes e Nazar\u00e9, o nosso amor por ti sempre ir\u00e1 ficar de p\u00e9.<\/p>\n<p>Volta, volta para n\u00f3s.<\/p>\n<p>Volta, volta para n\u00f3s.<\/p>\n<p>Acorda-me deste pesadelo.<\/p>\n<p>Tira-me deste relento.<\/p>\n<p>Se o mundo pesa demais, para voltares.<\/p>\n<p>Encontra-me onde o tempo n\u00e3o sabe entrar.<\/p>\n<p>Visita-me em sonhos, nem que seja s\u00f3 por um sinal.<\/p>\n<p>Faz-me sentir que a tua presen\u00e7a ainda \u00e9 real.<\/p>\n<p>M\u00e3e, rapazes e Nazar\u00e9, o nosso amor por ti sempre ir\u00e1 ficar de p\u00e9.<\/p>\n<p>O para\u00edso recebe a tua vida.<\/p>\n<p>M\u00e3e, rapazes e Nazar\u00e9, o nosso amor por ti sempre ficar\u00e1 de p\u00e9.\u00bb<\/p>\n<p><strong>Ou\u00e7a aqui a m\u00fasica:<\/strong><\/p>\n<p>\u00a0<\/p>\n<p>\u00a0<\/p>\n","protected":false},"excerpt":{"rendered":"Uma can\u00e7\u00e3o emocionante criada em mem\u00f3ria de Maycon Douglas est\u00e1 a comover as redes sociais. Renata Reis foi&hellip;\n","protected":false},"author":2,"featured_media":221992,"comment_status":"","ping_status":"","sticky":false,"template":"","format":"standard","meta":{"footnotes":""},"categories":[142],"tags":[41536,114,115,18705,10223,150,40455,32,33,2115,151,41535],"class_list":{"0":"post-221991","1":"post","2":"type-post","3":"status-publish","4":"format-standard","5":"has-post-thumbnail","7":"category-tv","8":"tag-bastidores-da-recruta","9":"tag-entertainment","10":"tag-entretenimento","11":"tag-entrevistas-concorrentes-tvi","12":"tag-maycon-douglas","13":"tag-musica","14":"tag-nufla","15":"tag-portugal","16":"tag-pt","17":"tag-renata-reis","18":"tag-tv","19":"tag-vida-fora-da-base"},"share_on_mastodon":{"url":"https:\/\/pubeurope.com\/@pt\/115865081805240175","error":""},"_links":{"self":[{"href":"https:\/\/www.europesays.com\/pt\/wp-json\/wp\/v2\/posts\/221991","targetHints":{"allow":["GET"]}}],"collection":[{"href":"https:\/\/www.europesays.com\/pt\/wp-json\/wp\/v2\/posts"}],"about":[{"href":"https:\/\/www.europesays.com\/pt\/wp-json\/wp\/v2\/types\/post"}],"author":[{"embeddable":true,"href":"https:\/\/www.europesays.com\/pt\/wp-json\/wp\/v2\/users\/2"}],"replies":[{"embeddable":true,"href":"https:\/\/www.europesays.com\/pt\/wp-json\/wp\/v2\/comments?post=221991"}],"version-history":[{"count":0,"href":"https:\/\/www.europesays.com\/pt\/wp-json\/wp\/v2\/posts\/221991\/revisions"}],"wp:featuredmedia":[{"embeddable":true,"href":"https:\/\/www.europesays.com\/pt\/wp-json\/wp\/v2\/media\/221992"}],"wp:attachment":[{"href":"https:\/\/www.europesays.com\/pt\/wp-json\/wp\/v2\/media?parent=221991"}],"wp:term":[{"taxonomy":"category","embeddable":true,"href":"https:\/\/www.europesays.com\/pt\/wp-json\/wp\/v2\/categories?post=221991"},{"taxonomy":"post_tag","embeddable":true,"href":"https:\/\/www.europesays.com\/pt\/wp-json\/wp\/v2\/tags?post=221991"}],"curies":[{"name":"wp","href":"https:\/\/api.w.org\/{rel}","templated":true}]}}