{"id":221993,"date":"2026-01-09T12:15:07","date_gmt":"2026-01-09T12:15:07","guid":{"rendered":"https:\/\/www.europesays.com\/pt\/221993\/"},"modified":"2026-01-09T12:15:07","modified_gmt":"2026-01-09T12:15:07","slug":"nao-posso-voltar-ao-barcelona-e-impossivel-laporta-soltar-tanta-pasta","status":"publish","type":"post","link":"https:\/\/www.europesays.com\/pt\/221993\/","title":{"rendered":"\u00abN\u00e3o posso voltar ao Barcelona, \u00e9 imposs\u00edvel Laporta soltar tanta pasta\u00bb"},"content":{"rendered":"<p>H\u00e1 cerca de meio ano I\u00f1igo Mart\u00ednez deixou o Barcelona, a custo zero, para rumar \u00e0 Ar\u00e1bia Saudita onde integrou plantel do <a target=\"_blank\" class=\"editor-link autolink-enabled\" href=\"https:\/\/www.abola.pt\/futebol\/al-nassr-1681\" data-resource-id=\"1681\" data-resource-type=\"team\" data-sport=\"football\" rel=\"nofollow noopener\">Al Nassr<\/a>, juntando-se, assim aos portugueses <a target=\"_blank\" class=\"editor-link autolink-enabled\" href=\"https:\/\/www.abola.pt\/futebol\/jogador\/cristiano-ronaldo-3400\" data-resource-id=\"3400\" data-resource-type=\"player\" data-sport=\"football\" rel=\"nofollow noopener\">Cristiano Ronaldo<\/a> e <a target=\"_blank\" class=\"editor-link autolink-enabled\" href=\"https:\/\/www.abola.pt\/futebol\/jogador\/joao-felix-125040\" data-resource-id=\"125040\" data-resource-type=\"player\" data-sport=\"football\" rel=\"nofollow noopener\">Jo\u00e3o F\u00e9lix<\/a>, sob a batuta de Jorge Jesus.<\/p>\n<p>Em entrevista ao programa Fanzone, transmitido pela esta\u00e7\u00e3o televisiva espanhola 3Cat, o defesa-central, de 34 anos, colocou de parte a hip\u00f3tese de regressar ao <a target=\"_blank\" class=\"editor-link autolink-enabled\" href=\"https:\/\/www.abola.pt\/futebol\/barcelona-205\" data-resource-id=\"205\" data-resource-type=\"team\" data-sport=\"football\" rel=\"nofollow noopener\">Barcelona<\/a>, n\u00e3o s\u00f3 porque se diz feliz no <a target=\"_blank\" class=\"editor-link autolink-enabled\" href=\"https:\/\/www.abola.pt\/futebol\/al-nassr-1681\" data-resource-id=\"1681\" data-resource-type=\"team\" data-sport=\"football\" rel=\"nofollow noopener\">Al Nassr<\/a>, mas tamb\u00e9m por outro motivo: \u00abN\u00e3o posso voltar ao <a target=\"_blank\" class=\"editor-link autolink-enabled\" href=\"https:\/\/www.abola.pt\/futebol\/barcelona-205\" data-resource-id=\"205\" data-resource-type=\"team\" data-sport=\"football\" rel=\"nofollow noopener\">Barcelona<\/a>, \u00e9 imposs\u00edvel [o presidente Joan] Laporta soltar tanta pasta [risos].\u00bb<\/p>\n<p>Real\u00e7ando que foram tempos positivos os que viveu nos blaugrana, entre 2023 e 2025, com a realiza\u00e7\u00e3o de 71 jogos, em que marcou tr\u00eas golos e fez cinco assist\u00eancias, ajudando \u00e0 conquista de uma <a target=\"_blank\" class=\"editor-link autolink-enabled\" href=\"https:\/\/www.abola.pt\/futebol\/competicao\/laliga-5\" data-resource-id=\"5\" data-resource-type=\"competition\" data-sport=\"football\" rel=\"nofollow noopener\">LaLiga<\/a>, uma <a target=\"_blank\" class=\"editor-link autolink-enabled\" href=\"https:\/\/www.abola.pt\/futebol\/competicao\/taca-do-rei-80\" data-resource-id=\"80\" data-resource-type=\"competition\" data-sport=\"football\" rel=\"nofollow noopener\">Ta\u00e7a do Rei<\/a> e uma Superta\u00e7a de Espanha.<\/p>\n<p>\u00abSinceramente, estou muito feliz no Al Nassr. \u00c9 claro que sinto falta do <a class=\"autolink-enabled\" data-resource-id=\"205\" data-resource-type=\"team\" data-sport=\"football\" href=\"https:\/\/www.abola.pt\/futebol\/barcelona-205\" rel=\"nofollow noopener\" target=\"_blank\">Barcelona<\/a>, foi o meu melhor ano profissional e soube realmente o que era viver o sentimento cul\u00e9 que existe. Toca-me v\u00ea-los de longe. N\u00e3o poderei estar na final, contra o <a class=\"autolink-enabled\" data-resource-id=\"204\" data-resource-type=\"team\" data-sport=\"football\" href=\"https:\/\/www.abola.pt\/futebol\/real-madrid-204\" rel=\"nofollow noopener\" target=\"_blank\">Real Madrid<\/a>, porque jogamos no dia seguinte [n. d. r. o jogo da final da Superta\u00e7a espanhola realiza-se no pr\u00f3ximo domingo, no King Abdullah Sports City, em Jeddah, na Ar\u00e1bia Saudita]. Tenho pena de n\u00e3o estar l\u00e1\u00bb, sublinhou. <\/p>\n<p>Ainda no tema Barcelona, I\u00f1igo Mart\u00ednez fez uma partilha: \u00abMoro no mesmo condom\u00ednio do Jo\u00e3o [Cancelo], j\u00e1 me disse que vai para o Bar\u00e7a. J\u00e1demonstrou o n\u00edvel que tem. Vai para acrescentar.\u00bb<\/p>\n","protected":false},"excerpt":{"rendered":"H\u00e1 cerca de meio ano I\u00f1igo Mart\u00ednez deixou o Barcelona, a custo zero, para rumar \u00e0 Ar\u00e1bia Saudita&hellip;\n","protected":false},"author":2,"featured_media":221994,"comment_status":"","ping_status":"","sticky":false,"template":"","format":"standard","meta":{"footnotes":""},"categories":[87],"tags":[135,32,33,134],"class_list":{"0":"post-221993","1":"post","2":"type-post","3":"status-publish","4":"format-standard","5":"has-post-thumbnail","7":"category-desporto","8":"tag-desporto","9":"tag-portugal","10":"tag-pt","11":"tag-sports"},"share_on_mastodon":{"url":"https:\/\/pubeurope.com\/@pt\/115865093698727802","error":""},"_links":{"self":[{"href":"https:\/\/www.europesays.com\/pt\/wp-json\/wp\/v2\/posts\/221993","targetHints":{"allow":["GET"]}}],"collection":[{"href":"https:\/\/www.europesays.com\/pt\/wp-json\/wp\/v2\/posts"}],"about":[{"href":"https:\/\/www.europesays.com\/pt\/wp-json\/wp\/v2\/types\/post"}],"author":[{"embeddable":true,"href":"https:\/\/www.europesays.com\/pt\/wp-json\/wp\/v2\/users\/2"}],"replies":[{"embeddable":true,"href":"https:\/\/www.europesays.com\/pt\/wp-json\/wp\/v2\/comments?post=221993"}],"version-history":[{"count":0,"href":"https:\/\/www.europesays.com\/pt\/wp-json\/wp\/v2\/posts\/221993\/revisions"}],"wp:featuredmedia":[{"embeddable":true,"href":"https:\/\/www.europesays.com\/pt\/wp-json\/wp\/v2\/media\/221994"}],"wp:attachment":[{"href":"https:\/\/www.europesays.com\/pt\/wp-json\/wp\/v2\/media?parent=221993"}],"wp:term":[{"taxonomy":"category","embeddable":true,"href":"https:\/\/www.europesays.com\/pt\/wp-json\/wp\/v2\/categories?post=221993"},{"taxonomy":"post_tag","embeddable":true,"href":"https:\/\/www.europesays.com\/pt\/wp-json\/wp\/v2\/tags?post=221993"}],"curies":[{"name":"wp","href":"https:\/\/api.w.org\/{rel}","templated":true}]}}