{"id":222021,"date":"2026-01-09T12:33:18","date_gmt":"2026-01-09T12:33:18","guid":{"rendered":"https:\/\/www.europesays.com\/pt\/222021\/"},"modified":"2026-01-09T12:33:18","modified_gmt":"2026-01-09T12:33:18","slug":"preco-dos-combustiveis-na-proxima-semana-12-a-18-de-janeiro","status":"publish","type":"post","link":"https:\/\/www.europesays.com\/pt\/222021\/","title":{"rendered":"Pre\u00e7o dos combust\u00edveis na pr\u00f3xima semana (12 a 18 de janeiro)"},"content":{"rendered":"<p>Semana de 12 a 18 de janeiro 2026<\/p>\n<p style=\"text-align: left;\">Cada marca e posto de combust\u00edvel pode fazer o pre\u00e7o que entender, uma vez que a pol\u00edtica de pre\u00e7o dos combust\u00edveis \u00e9 livre em Portugal. Os valores referidos s\u00e3o apenas indicativos do que deve esperar na pr\u00f3xima semana. Esta informa\u00e7\u00e3o ajuda-o a avaliar se abastece j\u00e1 ou se espera por segunda-feira.<\/p>\n<p>PORTUGAL continental<\/p>\n<p><strong>Gas\u00f3leo (-0,5 c\u00eantimo<\/strong><strong>)<\/strong><\/p>\n<p style=\"text-align: left;\">| Semanas anteriores* (=)(0,5)(-3)(-2,5)(-2)(-4,5)<strong>(ISP DESCONGELADO)<\/strong><\/p>\n<p style=\"text-align: left;\">*A ordem das altera\u00e7\u00f5es \u00e9 da mais recente para a mais antiga.<\/p>\n<p><strong>Gasolina (Sem altera\u00e7\u00e3o<\/strong><strong>)<\/strong><\/p>\n<p style=\"text-align: left;\">| Semanas anteriores*: (-0,5)(-3)(-2)(-0,5)(-1,9)<strong>(ISP DESCONGELADO)<\/strong><\/p>\n<p style=\"text-align: left;\">*A ordem das altera\u00e7\u00f5es \u00e9 da mais recente para a mais antiga.<\/p>\n<p>Pre\u00e7os atualizados por litro<\/p>\n<p>Com base nesta previs\u00e3o, o pre\u00e7o m\u00e9dio por litro do Gas\u00f3leo dever\u00e1 ser na semana que vem de:<\/p>\n<p>Gas\u00f3leo 1,528 \u20ac (1,609 \u20ac a 1\/1\/2025)<\/p>\n<p>Gasolina 1,656 \u20ac (1,722 \u20ac a 1\/1\/2025)<\/p>\n<p>Pre\u00e7os mais baixos em Portugal<\/p>\n<p style=\"text-align: left;\">\ud83d\udccd <strong>Como saber qual o posto mais barato perto de si?<\/strong><\/p>\n","protected":false},"excerpt":{"rendered":"Semana de 12 a 18 de janeiro 2026 Cada marca e posto de combust\u00edvel pode fazer o pre\u00e7o&hellip;\n","protected":false},"author":2,"featured_media":523,"comment_status":"","ping_status":"","sticky":false,"template":"","format":"standard","meta":{"footnotes":""},"categories":[83],"tags":[88,89,90,32,33],"class_list":{"0":"post-222021","1":"post","2":"type-post","3":"status-publish","4":"format-standard","5":"has-post-thumbnail","7":"category-empresas","8":"tag-business","9":"tag-economy","10":"tag-empresas","11":"tag-portugal","12":"tag-pt"},"share_on_mastodon":{"url":"https:\/\/pubeurope.com\/@pt\/115865164421763406","error":""},"_links":{"self":[{"href":"https:\/\/www.europesays.com\/pt\/wp-json\/wp\/v2\/posts\/222021","targetHints":{"allow":["GET"]}}],"collection":[{"href":"https:\/\/www.europesays.com\/pt\/wp-json\/wp\/v2\/posts"}],"about":[{"href":"https:\/\/www.europesays.com\/pt\/wp-json\/wp\/v2\/types\/post"}],"author":[{"embeddable":true,"href":"https:\/\/www.europesays.com\/pt\/wp-json\/wp\/v2\/users\/2"}],"replies":[{"embeddable":true,"href":"https:\/\/www.europesays.com\/pt\/wp-json\/wp\/v2\/comments?post=222021"}],"version-history":[{"count":0,"href":"https:\/\/www.europesays.com\/pt\/wp-json\/wp\/v2\/posts\/222021\/revisions"}],"wp:featuredmedia":[{"embeddable":true,"href":"https:\/\/www.europesays.com\/pt\/wp-json\/wp\/v2\/media\/523"}],"wp:attachment":[{"href":"https:\/\/www.europesays.com\/pt\/wp-json\/wp\/v2\/media?parent=222021"}],"wp:term":[{"taxonomy":"category","embeddable":true,"href":"https:\/\/www.europesays.com\/pt\/wp-json\/wp\/v2\/categories?post=222021"},{"taxonomy":"post_tag","embeddable":true,"href":"https:\/\/www.europesays.com\/pt\/wp-json\/wp\/v2\/tags?post=222021"}],"curies":[{"name":"wp","href":"https:\/\/api.w.org\/{rel}","templated":true}]}}