{"id":222042,"date":"2026-01-09T12:49:07","date_gmt":"2026-01-09T12:49:07","guid":{"rendered":"https:\/\/www.europesays.com\/pt\/222042\/"},"modified":"2026-01-09T12:49:07","modified_gmt":"2026-01-09T12:49:07","slug":"mulher-de-34-anos-morre-num-despiste-em-alcobaca","status":"publish","type":"post","link":"https:\/\/www.europesays.com\/pt\/222042\/","title":{"rendered":"Mulher de 34 anos morre num despiste em Alcoba\u00e7a"},"content":{"rendered":"<p data-remotead-prev-elm=\"true\" data-remotead-elm-id=\"inread\">O despiste do ve\u00edculo ligeiro de passageiros ocorreu pelas 5 horas, provocando a morte da sua condutora, uma mulher de 34 anos.<\/p>\n<p>O \u00f3bito foi declarado no local, tendo o corpo da v\u00edtima sido transportado para o Instituto de Medicina Legal de Leiria.<\/p>\n<p>No local, estiveram 15 operacionais e seis viaturas, entre meios dos bombeiros de Pataias e Alcoba\u00e7a, a Viatura M\u00e9dica de Emerg\u00eancia e Reanima\u00e7\u00e3o do hospital de Leiria e a ambul\u00e2ncia de Suporte Imediato de Vida de Alcoba\u00e7a.<\/p>\n","protected":false},"excerpt":{"rendered":"O despiste do ve\u00edculo ligeiro de passageiros ocorreu pelas 5 horas, provocando a morte da sua condutora, uma&hellip;\n","protected":false},"author":2,"featured_media":215801,"comment_status":"","ping_status":"","sticky":false,"template":"","format":"standard","meta":{"footnotes":""},"categories":[10],"tags":[59,27,28,32759,15,16,14,25,26,21,22,12,13,19,20,32,23,24,33,17,18,29,30,31],"class_list":{"0":"post-222042","1":"post","2":"type-post","3":"status-publish","4":"format-standard","5":"has-post-thumbnail","7":"category-portugal","8":"tag-acidente","9":"tag-breaking-news","10":"tag-breakingnews","11":"tag-concelho-alcobaca","12":"tag-featured-news","13":"tag-featurednews","14":"tag-headlines","15":"tag-latest-news","16":"tag-latestnews","17":"tag-main-news","18":"tag-mainnews","19":"tag-news","20":"tag-noticias","21":"tag-noticias-principais","22":"tag-noticiasprincipais","23":"tag-portugal","24":"tag-principais-noticias","25":"tag-principaisnoticias","26":"tag-pt","27":"tag-top-stories","28":"tag-topstories","29":"tag-ultimas","30":"tag-ultimas-noticias","31":"tag-ultimasnoticias"},"share_on_mastodon":{"url":"https:\/\/pubeurope.com\/@pt\/115865227608511359","error":""},"_links":{"self":[{"href":"https:\/\/www.europesays.com\/pt\/wp-json\/wp\/v2\/posts\/222042","targetHints":{"allow":["GET"]}}],"collection":[{"href":"https:\/\/www.europesays.com\/pt\/wp-json\/wp\/v2\/posts"}],"about":[{"href":"https:\/\/www.europesays.com\/pt\/wp-json\/wp\/v2\/types\/post"}],"author":[{"embeddable":true,"href":"https:\/\/www.europesays.com\/pt\/wp-json\/wp\/v2\/users\/2"}],"replies":[{"embeddable":true,"href":"https:\/\/www.europesays.com\/pt\/wp-json\/wp\/v2\/comments?post=222042"}],"version-history":[{"count":0,"href":"https:\/\/www.europesays.com\/pt\/wp-json\/wp\/v2\/posts\/222042\/revisions"}],"wp:featuredmedia":[{"embeddable":true,"href":"https:\/\/www.europesays.com\/pt\/wp-json\/wp\/v2\/media\/215801"}],"wp:attachment":[{"href":"https:\/\/www.europesays.com\/pt\/wp-json\/wp\/v2\/media?parent=222042"}],"wp:term":[{"taxonomy":"category","embeddable":true,"href":"https:\/\/www.europesays.com\/pt\/wp-json\/wp\/v2\/categories?post=222042"},{"taxonomy":"post_tag","embeddable":true,"href":"https:\/\/www.europesays.com\/pt\/wp-json\/wp\/v2\/tags?post=222042"}],"curies":[{"name":"wp","href":"https:\/\/api.w.org\/{rel}","templated":true}]}}