{"id":222051,"date":"2026-01-09T12:56:07","date_gmt":"2026-01-09T12:56:07","guid":{"rendered":"https:\/\/www.europesays.com\/pt\/222051\/"},"modified":"2026-01-09T12:56:07","modified_gmt":"2026-01-09T12:56:07","slug":"jovens-titas-jornalista-reforca-atual-status-do-filme-da-dc-studios","status":"publish","type":"post","link":"https:\/\/www.europesays.com\/pt\/222051\/","title":{"rendered":"Jovens Tit\u00e3s | Jornalista refor\u00e7a atual status do filme da DC Studios"},"content":{"rendered":"<p class=\"wp-block-yoast-seo-estimated-reading-time yoast-reading-time__wrapper\">Estimated reading time: 2 minutos<\/p>\n<p>J\u00e1 faz algum tempo desde que recebemos a \u00faltima atualiza\u00e7\u00e3o significativa da produ\u00e7\u00e3o de <a href=\"https:\/\/ovicio.com.br\/tag\/jovens-titas\" target=\"_blank\" rel=\"noreferrer noopener nofollow\">Jovens Tit\u00e3s<\/a> e, pelo visto, o filme da <a href=\"https:\/\/ovicio.com.br\/tag\/dc-studios\" target=\"_blank\" rel=\"noreferrer noopener nofollow\">DC Studios<\/a> n\u00e3o avan\u00e7ou tanto quanto gostar\u00edamos, de acordo com jornalista.<\/p>\n<p>Em recente participa\u00e7\u00e3o no podcast The Hot Mic, o insider<strong> Jeff Sneider <\/strong>abordou o atual status da adapta\u00e7\u00e3o da equipe de her\u00f3is, refor\u00e7ando que, no momento, o longa-metragem permanece paralisado.<\/p>\n<p>Segundo o informante, o est\u00fadio estaria tendo <strong>&#8220;problemas conceituais&#8221; <\/strong>para materializar ideias para o longa previamente anunciado por <a href=\"https:\/\/ovicio.com.br\/tag\/james-gunn\" target=\"_blank\" rel=\"noreferrer noopener nofollow\">James Gunn<\/a>, mantendo o desenvolvimento em hiato.<\/p>\n<p>Sabemos que <a href=\"https:\/\/ovicio.com.br\/tag\/ana-nogueira\" rel=\"nofollow noopener\" target=\"_blank\">Ana Nogueira<\/a> (Supergirl) est\u00e1 ligada ao projeto como roteirista, embora ela esteja priorizando o script do filme solo da <a href=\"https:\/\/ovicio.com.br\/tag\/mulher-maravilha\" target=\"_blank\" rel=\"noreferrer noopener nofollow\">Mulher-Maravilha<\/a>, deixando os<strong> Jovens Tit\u00e3s<\/strong> em segundo plano.<\/p>\n<p>Inicialmente, a adapta\u00e7\u00e3o deveria integrar os projetos do <strong>Cap\u00edtulo 1: Deuses e Monstros<\/strong> do DCU, mas uma previs\u00e3o de lan\u00e7amento permanece indefinida at\u00e9 o momento.<\/p>\n<p>Vale destacar tamb\u00e9m que nenhum nome foi atrelado na dire\u00e7\u00e3o do filme.<\/p>\n<p>Leia mais sobre Jovens Tit\u00e3s:<\/p>\n<p><strong>Fonte:<\/strong> <a href=\"https:\/\/www.youtube.com\/live\/YwJTF7RSAEw?si=dEeDMPdKjIR0E9jX\" target=\"_blank\" rel=\"noreferrer noopener nofollow\">The Hot Mic<\/a>.<\/p>\n","protected":false},"excerpt":{"rendered":"Estimated reading time: 2 minutos J\u00e1 faz algum tempo desde que recebemos a \u00faltima atualiza\u00e7\u00e3o significativa da produ\u00e7\u00e3o&hellip;\n","protected":false},"author":2,"featured_media":222052,"comment_status":"","ping_status":"","sticky":false,"template":"","format":"standard","meta":{"footnotes":""},"categories":[140],"tags":[16248,7319,114,115,147,148,7320,41394,146,32,33],"class_list":{"0":"post-222051","1":"post","2":"type-post","3":"status-publish","4":"format-standard","5":"has-post-thumbnail","7":"category-filmes","8":"tag-ana-nogueira","9":"tag-dc-studios","10":"tag-entertainment","11":"tag-entretenimento","12":"tag-film","13":"tag-filmes","14":"tag-james-gunn","15":"tag-jovens-titas","16":"tag-movies","17":"tag-portugal","18":"tag-pt"},"share_on_mastodon":{"url":"https:\/\/pubeurope.com\/@pt\/115865254836560833","error":""},"_links":{"self":[{"href":"https:\/\/www.europesays.com\/pt\/wp-json\/wp\/v2\/posts\/222051","targetHints":{"allow":["GET"]}}],"collection":[{"href":"https:\/\/www.europesays.com\/pt\/wp-json\/wp\/v2\/posts"}],"about":[{"href":"https:\/\/www.europesays.com\/pt\/wp-json\/wp\/v2\/types\/post"}],"author":[{"embeddable":true,"href":"https:\/\/www.europesays.com\/pt\/wp-json\/wp\/v2\/users\/2"}],"replies":[{"embeddable":true,"href":"https:\/\/www.europesays.com\/pt\/wp-json\/wp\/v2\/comments?post=222051"}],"version-history":[{"count":0,"href":"https:\/\/www.europesays.com\/pt\/wp-json\/wp\/v2\/posts\/222051\/revisions"}],"wp:featuredmedia":[{"embeddable":true,"href":"https:\/\/www.europesays.com\/pt\/wp-json\/wp\/v2\/media\/222052"}],"wp:attachment":[{"href":"https:\/\/www.europesays.com\/pt\/wp-json\/wp\/v2\/media?parent=222051"}],"wp:term":[{"taxonomy":"category","embeddable":true,"href":"https:\/\/www.europesays.com\/pt\/wp-json\/wp\/v2\/categories?post=222051"},{"taxonomy":"post_tag","embeddable":true,"href":"https:\/\/www.europesays.com\/pt\/wp-json\/wp\/v2\/tags?post=222051"}],"curies":[{"name":"wp","href":"https:\/\/api.w.org\/{rel}","templated":true}]}}