{"id":222064,"date":"2026-01-09T13:04:12","date_gmt":"2026-01-09T13:04:12","guid":{"rendered":"https:\/\/www.europesays.com\/pt\/222064\/"},"modified":"2026-01-09T13:04:12","modified_gmt":"2026-01-09T13:04:12","slug":"pj-suspeitos-de-homicidio-no-brasil-detidos-em-vila-real-observador","status":"publish","type":"post","link":"https:\/\/www.europesays.com\/pt\/222064\/","title":{"rendered":"PJ. Suspeitos de homic\u00eddio no Brasil detidos em Vila Real \u2013 Observador"},"content":{"rendered":"<p>Um homem e uma mulher, suspeitos de matarem outra mulher com uma arma de fogo, em janeiro de 2021, no Brasil, foram detidos no distrito de Vila Real, indicou esta quinta-feira a Pol\u00edcia Judici\u00e1ria (PJ).<\/p>\n<p>\u201cOs factos ocorreram numa rua do munic\u00edpio de Alpercata, no Estado de Minas Gerais, quando os suspeitos se faziam transportar num motociclo e dispararam sobre a v\u00edtima, uma mulher, determinando-lhe a morte\u201d, adianta a PJ, em comunicado.<\/p>\n<p>As deten\u00e7\u00f5es foram efetuadas por inspetores da PJ do Departamento de Investiga\u00e7\u00e3o Criminal de Vila Real, em cumprimento de dois mandados de deten\u00e7\u00e3o internacionais \u2014\u00a0INTERPOL.<\/p>\n<p>Nesse sentido, a PJ \u201cprocedeu \u00e0 identifica\u00e7\u00e3o e deten\u00e7\u00e3o de um homem e de uma mulher suspeitos da pr\u00e1tica de um crime de homic\u00eddio, ocorrido a 27 de janeiro de 2021, no Brasil\u201d.<\/p>\n<p>Esta for\u00e7a de investiga\u00e7\u00e3o criminal acrescenta que os detidos, com 27 e 32 anos, v\u00e3o ser presentes ao Tribunal da Rela\u00e7\u00e3o de Guimar\u00e3es para aplica\u00e7\u00e3o de medidas de coa\u00e7\u00e3o.<\/p>\n","protected":false},"excerpt":{"rendered":"Um homem e uma mulher, suspeitos de matarem outra mulher com uma arma de fogo, em janeiro de&hellip;\n","protected":false},"author":2,"featured_media":158170,"comment_status":"","ping_status":"","sticky":false,"template":"","format":"standard","meta":{"footnotes":""},"categories":[8],"tags":[726,27,28,15,16,14,300,25,26,21,22,62,12,13,19,20,57,3918,32,23,24,33,58,17,18,29,30,31,5547],"class_list":{"0":"post-222064","1":"post","2":"type-post","3":"status-publish","4":"format-standard","5":"has-post-thumbnail","7":"category-principais-noticias","8":"tag-brasil","9":"tag-breaking-news","10":"tag-breakingnews","11":"tag-featured-news","12":"tag-featurednews","13":"tag-headlines","14":"tag-justiu00e7a","15":"tag-latest-news","16":"tag-latestnews","17":"tag-main-news","18":"tag-mainnews","19":"tag-mundo","20":"tag-news","21":"tag-noticias","22":"tag-noticias-principais","23":"tag-noticiasprincipais","24":"tag-pau00eds","25":"tag-polu00edcia-judiciu00e1ria","26":"tag-portugal","27":"tag-principais-noticias","28":"tag-principaisnoticias","29":"tag-pt","30":"tag-sociedade","31":"tag-top-stories","32":"tag-topstories","33":"tag-ultimas","34":"tag-ultimas-noticias","35":"tag-ultimasnoticias","36":"tag-vila-real"},"share_on_mastodon":{"url":"https:\/\/pubeurope.com\/@pt\/115865286453028792","error":""},"_links":{"self":[{"href":"https:\/\/www.europesays.com\/pt\/wp-json\/wp\/v2\/posts\/222064","targetHints":{"allow":["GET"]}}],"collection":[{"href":"https:\/\/www.europesays.com\/pt\/wp-json\/wp\/v2\/posts"}],"about":[{"href":"https:\/\/www.europesays.com\/pt\/wp-json\/wp\/v2\/types\/post"}],"author":[{"embeddable":true,"href":"https:\/\/www.europesays.com\/pt\/wp-json\/wp\/v2\/users\/2"}],"replies":[{"embeddable":true,"href":"https:\/\/www.europesays.com\/pt\/wp-json\/wp\/v2\/comments?post=222064"}],"version-history":[{"count":0,"href":"https:\/\/www.europesays.com\/pt\/wp-json\/wp\/v2\/posts\/222064\/revisions"}],"wp:featuredmedia":[{"embeddable":true,"href":"https:\/\/www.europesays.com\/pt\/wp-json\/wp\/v2\/media\/158170"}],"wp:attachment":[{"href":"https:\/\/www.europesays.com\/pt\/wp-json\/wp\/v2\/media?parent=222064"}],"wp:term":[{"taxonomy":"category","embeddable":true,"href":"https:\/\/www.europesays.com\/pt\/wp-json\/wp\/v2\/categories?post=222064"},{"taxonomy":"post_tag","embeddable":true,"href":"https:\/\/www.europesays.com\/pt\/wp-json\/wp\/v2\/tags?post=222064"}],"curies":[{"name":"wp","href":"https:\/\/api.w.org\/{rel}","templated":true}]}}