{"id":222081,"date":"2026-01-09T13:19:10","date_gmt":"2026-01-09T13:19:10","guid":{"rendered":"https:\/\/www.europesays.com\/pt\/222081\/"},"modified":"2026-01-09T13:19:10","modified_gmt":"2026-01-09T13:19:10","slug":"diretor-do-bbb-26-elogia-participantes-da-casa-de-vidro-e-comenta-famosos-cotados-adoro-as-listas-extra-online","status":"publish","type":"post","link":"https:\/\/www.europesays.com\/pt\/222081\/","title":{"rendered":"Diretor do &#039;BBB 26&#039; elogia participantes da casa de vidro e comenta famosos cotados: &#039;Adoro as listas&#039; &#8211; Extra online"},"content":{"rendered":"<ol>\n<li><a href=\"https:\/\/news.google.com\/rss\/articles\/CBMi9AFBVV95cUxOa01XSFh4dmhkMFM5SmU1bnVvVWJLRUZQYlBsOTdLX0theXZsanpuUHMwc0d1cHVZZzVCWGRXVVpuc0N3LXRoYVFwNTdnaC1KWXZCdGlmbnFoR0l2NVAtVm5hTUU2RFA5TnlBTFZZbnlsdlhjQXV5ZzJfUkVaU0EzX1VQYUs4OXVzUDlON1llZFBGVER0Q2U2YjVteUwxYVA5WW9NLVB5SEhkaDI2dVI3TDNSQ3dSNFFvQ3lFRDhGVzFFSnVGSFgwUTFvYjdSTW56VHc3MVl2TVRSak84cTRoVHYyaHNoWFVfTTZfZTd4T3otNXhu0gGDAkFVX3lxTFB0ejQwSGRtZDlPb3lCMjk4MGtCQU95SW9jVGt1OS1iZXdta2p6ZVR1OHp4VEJQM3FzV3VQVmRTNDhRZkhUb2xvMTVIXzEyVFkzRUpacGlXSE5SVm1za25PTFVrc3pMdjMwamIwejRnUFNYalM4X2x5VGpqazdyZWtKZGIwSFJaRHdOYndiUi04MXFVLXN3N3ZqTGFSQV9yRjM4aGV1TTctcFJLbFBZdGs2aEVJVGlSa3lCa01MSDNkMGdEMlpZQjlyZm9RZU51cFFILWU2bDNSZkVBaDV5eVdwbXdyNlNzOUpCTGpyaHdudmpGWEQ2a0pQZFc2Z2xNRktlYW8?oc=5\" target=\"_blank\" rel=\"nofollow noopener\">Diretor do &#8216;BBB 26&#8217; elogia participantes da casa de vidro e comenta famosos cotados: &#8216;Adoro as listas&#8217;<\/a>&nbsp;&nbsp;Extra online<\/li>\n<li><a href=\"https:\/\/news.google.com\/rss\/articles\/CBMi8AFBVV95cUxNbTdhd2hUX3Y5UU1WR1hUNFhLdVp4LUJHQnh2ZWphYjhISm5uYkRzUkRwQmZuRjRGQ09MdFgtSm5HbWRfc1pmZ2paZFBhVW1VU3VUc2lsT0IyOGI2Q2c1U011ZDFEYmdhNWJGcXUtTW5sOFVsOWVpaFk1UlBXSTNNUjFsbWNuRDRQMS1RRjdOTUoyRUdBcjRVUE1sam5mbEZBcGNxOVVzNVFtOGRoUU1vTkwySnBLTmRpRlRWWnFlWGphcXBfbVh0QmFaOXF5YVBmX2hxdnZ4XzVBOUt5S2c4ZFRRM2NoRUhab2NaX2gwVTfSAf8BQVVfeXFMTUl4R1RFOG95T2hWeU1yd25BM3VwclVlWDhhblBQeXFOQUtoLTFZVkh4VGk0QVl5Zk9CQWZ3bjBEa2FDWXVoWTBTdmVBV09JdGIzREh4Tlk2Mk9vR2N6UnFYWXVET1V5dnNIMHpRNUVVcjd4MS1QeFdTQXcxNDk3XzNjYnh0Y2J0OXdaeE5uS2twbGtQbkVaams1NWg5eTBlZC1FNUw0N2E4Ung1LVdwc2RwYzctWDVoWU9XVzB1d1lzMk1JX1NTbi1qUlFqZVVteVM5QXdGM2ZsTzBia0JISGV0ekZlM0gxOFJOakpwMjBoS2h6cU05dGd6QnFIWF9Z?oc=5\" target=\"_blank\" rel=\"nofollow noopener\">BBB 26: candidatos ao grupo Pipoca ser\u00e3o revelados durante programa\u00e7\u00e3o especial; confira!<\/a>&nbsp;&nbsp;Gshow<\/li>\n<li><a href=\"https:\/\/news.google.com\/rss\/articles\/CBMiggJBVV95cUxOaXNRb1Uwam9lRWhMRU5VR01BaGVWZnBZdVlfZDZSOGhvYVNJd2pvOHJGZjVRemI2VU5YeWltY04wUjhWQ1BOa2JUZ1hkQjh6MTNrMzBYclJ5MlhGUG1WUlFGQ2lXR000SThIaUJ5dnJsWFNMajY5VjFsZm95Q0lDMzRvWHFKeHdtbWJpREt0eHZXZ29tZXlHaW1vb04ycG03bGNDVWQ4WEhpbG16am1TczU1NmpyVkdZSWNIVklOeHVrN3Y5bWZyb3pmb0RMbkhCY1R0MFdqWTktV1dfbUVFeUN2M25aajkyU3FKczdDVEc5QTVaNVpkYTduY1U1MVJYaXc?oc=5\" target=\"_blank\" rel=\"nofollow noopener\">&#8220;BBB 26&#8221;: quando ser\u00e3o anunciados os participantes do camarote e os veteranos?<\/a>&nbsp;&nbsp;GZH<\/li>\n<li><a href=\"https:\/\/news.google.com\/rss\/articles\/CBMiwwFBVV95cUxOd0tKNFNhOEcySms1ZjZwTTFlTTBITE5CUUloa0NfZUpfTmV3WHNxTUsxb0VDLUlDbXQ4VGVQTW1aanAwSEZnZEhGT3dwTjhCVUdrS05zX2x1QjZ3S2NIUFotaEJKNDVqSlVNdWRpVFp1R04xNEFaeW9HRU5XQWtZMUhWbms5TTFXdlNzREVnS3F2LXFWcEpLaW82RV9pM3pTX0tSbW5ESlpOSmhPaVNDT0ZGTkoyS2tMVXBnNThNVmp0TU3SAdIBQVVfeXFMTVp4QzNFdk82UU1ZdmE0WXFhTEd3MEZRSjlhWWU2TnBmTHdZZkt3aWlndHBNdERxRkZnNGs4aDY3Z09rUV9ZTUtOeFN5RE5XMmh5ZGJTd29mVWZjeEp1Y0Z1Nldfcnc2MmtEX0tJWXRYalNRNnViLUVVckdQX2hQeDVzM0l3V3BkY3BTYXEzMzEybDQ1Y3I0b09oUDFOSl83NzQxWlE4b21Zd2ZBNUVmMGNpZkszZ0c3UmV1ZjEzclZudzJrQ1dGV3hDTVNOVE1JbzZB?oc=5\" target=\"_blank\" rel=\"nofollow noopener\">Globo usa BBB 26 para alavancar Cora\u00e7\u00e3o Acelerado com an\u00fancio de Camarotes<\/a>&nbsp;&nbsp;Not\u00edcias da TV<\/li>\n<li><a href=\"https:\/\/news.google.com\/rss\/articles\/CBMi6gFBVV95cUxPVFMzSjJNUVNzV3hPOFFYMk4waDV2U2xFY1BnUWJndUQwRmlic01hSHA1Q2NVSzBaSFZlUk9kYjVzd25IeWxVM1F3UmRockJyQ3JEMW1XaEJxUUpEM3Z5RG9OVmNpQ0FxQklFQWUxdFZ1VjIweUZYblI2TzNPU0lBZnRRV3VTMmNFMHliX0tvS1hWMTY0YkQzNGE0RTlpQXJ5WWdpVmJFSGh1Yi1Ecy1LdDNLWmxJX3ZwdmpWeG9ETW5wcXF4WExZM3hXRFVJX21BalozUzQ0d0dMRnVzNnBVbmZDa2sxS2RPTEE?oc=5\" target=\"_blank\" rel=\"nofollow noopener\">BBB 26: Vaza lista de ex-bbbs que entrar\u00e3o no reality show<\/a>&nbsp;&nbsp;Terra<\/li>\n<\/ol>\n","protected":false},"excerpt":{"rendered":"Diretor do &#8216;BBB 26&#8217; elogia participantes da casa de vidro e comenta famosos cotados: &#8216;Adoro as listas&#8217;&nbsp;&nbsp;Extra online&hellip;\n","protected":false},"author":2,"featured_media":222082,"comment_status":"","ping_status":"","sticky":false,"template":"","format":"standard","meta":{"footnotes":""},"categories":[145],"tags":[211,210,114,115,32,33],"class_list":{"0":"post-222081","1":"post","2":"type-post","3":"status-publish","4":"format-standard","5":"has-post-thumbnail","7":"category-celebridades","8":"tag-celebridades","9":"tag-celebrities","10":"tag-entertainment","11":"tag-entretenimento","12":"tag-portugal","13":"tag-pt"},"share_on_mastodon":{"url":"https:\/\/pubeurope.com\/@pt\/115865345267717203","error":""},"_links":{"self":[{"href":"https:\/\/www.europesays.com\/pt\/wp-json\/wp\/v2\/posts\/222081","targetHints":{"allow":["GET"]}}],"collection":[{"href":"https:\/\/www.europesays.com\/pt\/wp-json\/wp\/v2\/posts"}],"about":[{"href":"https:\/\/www.europesays.com\/pt\/wp-json\/wp\/v2\/types\/post"}],"author":[{"embeddable":true,"href":"https:\/\/www.europesays.com\/pt\/wp-json\/wp\/v2\/users\/2"}],"replies":[{"embeddable":true,"href":"https:\/\/www.europesays.com\/pt\/wp-json\/wp\/v2\/comments?post=222081"}],"version-history":[{"count":0,"href":"https:\/\/www.europesays.com\/pt\/wp-json\/wp\/v2\/posts\/222081\/revisions"}],"wp:featuredmedia":[{"embeddable":true,"href":"https:\/\/www.europesays.com\/pt\/wp-json\/wp\/v2\/media\/222082"}],"wp:attachment":[{"href":"https:\/\/www.europesays.com\/pt\/wp-json\/wp\/v2\/media?parent=222081"}],"wp:term":[{"taxonomy":"category","embeddable":true,"href":"https:\/\/www.europesays.com\/pt\/wp-json\/wp\/v2\/categories?post=222081"},{"taxonomy":"post_tag","embeddable":true,"href":"https:\/\/www.europesays.com\/pt\/wp-json\/wp\/v2\/tags?post=222081"}],"curies":[{"name":"wp","href":"https:\/\/api.w.org\/{rel}","templated":true}]}}