{"id":222101,"date":"2026-01-09T13:42:15","date_gmt":"2026-01-09T13:42:15","guid":{"rendered":"https:\/\/www.europesays.com\/pt\/222101\/"},"modified":"2026-01-09T13:42:15","modified_gmt":"2026-01-09T13:42:15","slug":"superman-2-tera-mulher-maravilha-e-referencias-a-batman-diz-reporter","status":"publish","type":"post","link":"https:\/\/www.europesays.com\/pt\/222101\/","title":{"rendered":"Superman 2 ter\u00e1 Mulher-Maravilha e refer\u00eancias a Batman, diz rep\u00f3rter"},"content":{"rendered":"<p>  <img decoding=\"async\" src=\"https:\/\/cdn.ome.lt\/static\/omelete\/img\/loading.svg\" alt=\"\"\/><\/p>\n<p>  <img decoding=\"async\" class=\"article__cover__image\" data-lazy-src-mob=\"\/\/cdn.ome.lt\/w3cYEFjQi731iv5a779hnxPTPT8=\/570x0\/smart\/filters:format(webp)\/uploads\/conteudo\/fotos\/superman-2-mulher-maravilha-batman.webp\" data-lazy-src=\"https:\/\/cdn.ome.lt\/qxoQYbrAP5W2dTUSSU84XbnqWNY=\/987x0\/smart\/filters:format(webp)\/uploads\/conteudo\/fotos\/superman-2-mulher-maravilha-batman.webp\" src=\"data:image\/png;base64,iVBORw0KGgoAAAANSUhEUgAAAAEAAAABCAQAAAC1HAwCAAAAC0lEQVR42mNkYAAAAAYAAjCB0C8AAAAASUVORK5CYII=\" alt=\"Superman 2 ter\u00e1 Batman e Mulher-Maravilha\" title=\"Superman 2 ter\u00e1 Batman e Mulher-Maravilha\" width=\"987\" height=\"555\" fetchpriority=\"high\"\/><\/p>\n<p class=\"article__cover__credits\">\n  Cr\u00e9ditos da imagem:<br \/>\n  Warner Bros.\/DC Comics\n<\/p>\n<p>Os <a href=\"https:\/\/www.omelete.com.br\/filmes\/mulher-maravilha-james-gunn-nega-rumor-sobre-escalacao-de-atriz\" rel=\"noopener nofollow\" target=\"_blank\">rumores de que\u00a0<strong>James Gunn <\/strong>est\u00e1 escalando a <strong>Mulher-Maravilha <\/strong>do DCU<\/a> seguem ganhando for\u00e7a. De acordo com o rep\u00f3rter Jeff Sneider, que tem um hist\u00f3rico de furos na ind\u00fastria, a hero\u00edna j\u00e1 aparecer\u00e1 em <strong>Superman: Homem do Amanh\u00e3 <\/strong>(tradu\u00e7\u00e3o livre de Man of Tomorrow), continua\u00e7\u00e3o de\u00a0Superman.<\/p>\n<p>Sneider, no podcast <a href=\"https:\/\/youtu.be\/YwJTF7RSAEw?t=4206\" rel=\"noopener nofollow\" target=\"_blank\">The Hot Mic<\/a>, insiste que Gunn, que negou que um an\u00fancio da atriz viria em janeiro, est\u00e1 no processo de escalar o papel, <a href=\"https:\/\/www.omelete.com.br\/filmes\/mulher-maravilha-dc-studios-ana-nogueira-roteirista\" rel=\"noopener nofollow\" target=\"_blank\">n\u00e3o para o filme solo em desenvolvimento da personagem<\/a>, mas sim para uma participa\u00e7\u00e3o em Homem do Amanh\u00e3.<\/p>\n<p>Ele n\u00e3o para por a\u00ed. Sneider depois afirma que h\u00e1 refer\u00eancias a <strong>Batman<\/strong> no filme, mas que o Cavaleiro das Trevas n\u00e3o aparecer\u00e1 fisicamente no longa, que estreia em julho de 2027.<\/p>\n<p>            Continua depois da Publicidade<\/p>\n<p>    <strong>Tudo sobre Man of Tomorrow, a continua\u00e7\u00e3o de Superman<\/strong><\/p>\n<p>Depois de arrecadar mais de US$ 610 milh\u00f5es e garantir uma \u00f3tima recep\u00e7\u00e3o cr\u00edtica,\u00a0Superman\u00a0ganhar\u00e1 uma continua\u00e7\u00e3o em julho de 2027 chamada <strong>M<\/strong><strong>an of Tomorrow<\/strong>, ou\u00a0Homem do Amanh\u00e3. Novamente com dire\u00e7\u00e3o e roteiro de\u00a0<strong>James Gunn<\/strong>, o filme trar\u00e1 de volta\u00a0<strong>David Corenswet\u00a0<\/strong>como Clark Kent,\u00a0<strong>Nicholas Hoult\u00a0<\/strong>como Lex Luthor e\u00a0<strong>Rachel Brosnahan\u00a0<\/strong>como Lois Lane. O ator alem\u00e3o <strong>Lars Eidinger<\/strong> ser\u00e1 o respons\u00e1vel por viver o vil\u00e3o Brainiac.<\/p>\n<p>Al\u00e9m deles, \u00e9 esperado que a Gangue da Justi\u00e7a (<strong>Nathan Fillion\u00a0<\/strong>como Lanterna Verde,\u00a0<strong>Isabela Merced\u00a0<\/strong>como Mulher-Gavi\u00e3o,\u00a0<strong>Edi Gathegi\u00a0<\/strong>como Senhor Incr\u00edvel e\u00a0<strong>Anthony Carrigan\u00a0<\/strong>como Metamorfo) retornem, reprisando os pap\u00e9is dos her\u00f3is.<\/p>\n<p>    <strong>Qual \u00e9 a hist\u00f3ria de Superman: Man of Tomorrow?<\/strong><\/p>\n<p>A hist\u00f3ria envolver\u00e1 Superman e Lex Luthor for\u00e7ados a trabalhar juntos numa fr\u00e1gil uni\u00e3o para impedir uma amea\u00e7a ao planeta. Gunn revelou que Brainiac, intelig\u00eancia artificial que, muitas vezes, \u00e9 tida como a respons\u00e1vel pela destrui\u00e7\u00e3o de Krypton nos quadrinhos, ser\u00e1 o vil\u00e3o do filme.<\/p>\n<p>            Continua depois da Publicidade<\/p>\n<p>Sabemos tamb\u00e9m que Lex Luthor finalmente usar\u00e1 sua armadura verde e poderosa em\u00a0Man of Tomorrow. Essa ser\u00e1 a primeira vez que o equipamento, usado pelo vil\u00e3o quando ele decide resolver as coisas com o pr\u00f3prio bra\u00e7o, ser\u00e1 visto num filme live-action.<\/p>\n<p>Man of Tomorrow, a continua\u00e7\u00e3o de\u00a0Superman,\u00a0estreia no Brasil em\u00a08 de julho de 2027. Seu lan\u00e7amento ser\u00e1 no anivers\u00e1rio de dois anos de\u00a0Superman, que j\u00e1 est\u00e1 dispon\u00edvel no HBO Max.<\/p>\n","protected":false},"excerpt":{"rendered":"Cr\u00e9ditos da imagem: Warner Bros.\/DC Comics Os rumores de que\u00a0James Gunn est\u00e1 escalando a Mulher-Maravilha do DCU seguem&hellip;\n","protected":false},"author":2,"featured_media":222102,"comment_status":"","ping_status":"","sticky":false,"template":"","format":"standard","meta":{"footnotes":""},"categories":[140],"tags":[114,115,147,148,146,32,33],"class_list":{"0":"post-222101","1":"post","2":"type-post","3":"status-publish","4":"format-standard","5":"has-post-thumbnail","7":"category-filmes","8":"tag-entertainment","9":"tag-entretenimento","10":"tag-film","11":"tag-filmes","12":"tag-movies","13":"tag-portugal","14":"tag-pt"},"share_on_mastodon":{"url":"https:\/\/pubeurope.com\/@pt\/115865436063063891","error":""},"_links":{"self":[{"href":"https:\/\/www.europesays.com\/pt\/wp-json\/wp\/v2\/posts\/222101","targetHints":{"allow":["GET"]}}],"collection":[{"href":"https:\/\/www.europesays.com\/pt\/wp-json\/wp\/v2\/posts"}],"about":[{"href":"https:\/\/www.europesays.com\/pt\/wp-json\/wp\/v2\/types\/post"}],"author":[{"embeddable":true,"href":"https:\/\/www.europesays.com\/pt\/wp-json\/wp\/v2\/users\/2"}],"replies":[{"embeddable":true,"href":"https:\/\/www.europesays.com\/pt\/wp-json\/wp\/v2\/comments?post=222101"}],"version-history":[{"count":0,"href":"https:\/\/www.europesays.com\/pt\/wp-json\/wp\/v2\/posts\/222101\/revisions"}],"wp:featuredmedia":[{"embeddable":true,"href":"https:\/\/www.europesays.com\/pt\/wp-json\/wp\/v2\/media\/222102"}],"wp:attachment":[{"href":"https:\/\/www.europesays.com\/pt\/wp-json\/wp\/v2\/media?parent=222101"}],"wp:term":[{"taxonomy":"category","embeddable":true,"href":"https:\/\/www.europesays.com\/pt\/wp-json\/wp\/v2\/categories?post=222101"},{"taxonomy":"post_tag","embeddable":true,"href":"https:\/\/www.europesays.com\/pt\/wp-json\/wp\/v2\/tags?post=222101"}],"curies":[{"name":"wp","href":"https:\/\/api.w.org\/{rel}","templated":true}]}}