{"id":222105,"date":"2026-01-09T13:44:27","date_gmt":"2026-01-09T13:44:27","guid":{"rendered":"https:\/\/www.europesays.com\/pt\/222105\/"},"modified":"2026-01-09T13:44:27","modified_gmt":"2026-01-09T13:44:27","slug":"prefeitura-de-elias-fausto-alerta-a-populacao-sobre-a-dengue-neste-periodo-de-verao","status":"publish","type":"post","link":"https:\/\/www.europesays.com\/pt\/222105\/","title":{"rendered":"Prefeitura de Elias Fausto alerta a popula\u00e7\u00e3o sobre a dengue neste per\u00edodo de ver\u00e3o"},"content":{"rendered":"<p>        &#13;<br \/>\n            &#13;<br \/>\n                &#13;<br \/>\n&#13;<br \/>\n&#13;<br \/>\n    <a class=\"breadcrumbs__item\" href=\"https:\/\/www.eliasfausto.sp.gov.br\/\" rel=\"nofollow noopener\" target=\"_blank\">In\u00edcio<\/a>&#13;<br \/>\n&#13;<br \/>\n            &#13;<br \/>\n            <a class=\"breadcrumbs__item\" href=\"https:\/\/www.eliasfausto.sp.gov.br\/noticias\" rel=\"nofollow noopener\" target=\"_blank\">Not\u00edcias<\/a>&#13;<br \/>\n&#13;<br \/>\n        &#13;<br \/>\n        &#13;<br \/>\n&#13;<br \/>\n&#13;<br \/>\n                &#13;<\/p>\n<p>&#13;<br \/>\n                    Chuvas e altas temperaturas aumentam o risco de prolifera\u00e7\u00e3o do mosquito Aedes aegypti&#13;<br \/>\n&#13;\n                <\/p>\n<p>&#13;<br \/>\n            &#13;<br \/>\n&#13;<br \/>\n            &#13;<br \/>\n&#13;<br \/>\n                <img decoding=\"async\" src=\"https:\/\/www.europesays.com\/pt\/wp-content\/uploads\/2026\/01\/m_32_0_1_09012026101937.png\" alt=\"Prefeitura de Elias Fausto alerta a popula\u00e7\u00e3o sobre a dengue neste per\u00edodo de ver\u00e3o\"\/>&#13;<br \/>\n&#13;<\/p>\n<p>A Prefeitura de Elias Fausto alerta a popula\u00e7\u00e3o para os cuidados necess\u00e1rios no combate \u00e0 dengue, especialmente durante o ver\u00e3o. O m\u00eas de janeiro, marcado por altas temperaturas e chuvas frequentes, cria condi\u00e7\u00f5es favor\u00e1veis para a prolifera\u00e7\u00e3o do mosquito Aedes aegypti, transmissor da dengue, zika e chikungunya.<\/p>\n<p>&#13;<\/p>\n<p>A preven\u00e7\u00e3o continua sendo a principal forma de enfrentamento da doen\u00e7a. Eliminar \u00e1gua parada \u00e9 fundamental para evitar a forma\u00e7\u00e3o de criadouros do mosquito. Entre os locais que merecem aten\u00e7\u00e3o est\u00e3o pratos de plantas, caixas d\u2019\u00e1gua destampadas, calhas entupidas, pneus, garrafas, ralos e recipientes descartados de forma irregular.<\/p>\n<p>&#13;<\/p>\n<p>A Prefeitura refor\u00e7a que a participa\u00e7\u00e3o da popula\u00e7\u00e3o \u00e9 essencial, j\u00e1 que grande parte dos focos do mosquito \u00e9 encontrada dentro das resid\u00eancias. Atitudes simples, realizadas semanalmente, contribuem diretamente para a prote\u00e7\u00e3o das fam\u00edlias e de toda a comunidade.<\/p>\n<p>&#13;<\/p>\n<p>A dengue pode apresentar sintomas como febre alta, dor de cabe\u00e7a, dor atr\u00e1s dos olhos, dores no corpo, manchas vermelhas na pele e, em casos mais graves, sangramentos. Ao perceber qualquer sintoma, a orienta\u00e7\u00e3o \u00e9 procurar a Unidade Mista de Sa\u00fade ou a ESF mais pr\u00f3xima e evitar a automedica\u00e7\u00e3o.<\/p>\n<p>&#13;<\/p>\n<p>O alerta da Prefeitura de Elias Fausto tem car\u00e1ter preventivo e busca conscientizar a popula\u00e7\u00e3o sobre a import\u00e2ncia do cuidado cont\u00ednuo, especialmente neste per\u00edodo do ano, para reduzir os riscos da doen\u00e7a no munic\u00edpio.<\/p>\n<p>&#13;<br \/>\n&#13;<br \/>\n            &#13;<br \/>\n&#13;<br \/>\n    &#13;<br \/>\n        &#13;<br \/>\n&#13;<br \/>\n            &#13;<br \/>\n                    <a class=\"list-item__img\" href=\"https:\/\/www.eliasfausto.sp.gov.br\/noticias\/saude\/servidores-publicos-tem-acesso-a-convenio-medico-com-o-phs-samaritano-saude\" tabindex=\"-1\" aria-hidden=\"true\" rel=\"nofollow noopener\" target=\"_blank\">&#13;<br \/>\n                        <img decoding=\"async\" src=\"https:\/\/www.europesays.com\/pt\/wp-content\/uploads\/2026\/01\/m_32_0_1_08012026130910.jpeg\" alt=\"Servidores p\u00fablicos t\u00eam acesso a conv\u00eanio m\u00e9dico com o PHS Samaritano Sa\u00fade\"\/>&#13;<br \/>\n                    <\/a>&#13;<br \/>\n&#13;<br \/>\n                &#13;<br \/>\n            &#13;<br \/>\n            &#13;<br \/>\n                    <a class=\"list-item__img\" href=\"https:\/\/www.eliasfausto.sp.gov.br\/noticias\/saude\/escala-medicos-janeiro-2026\" tabindex=\"-1\" aria-hidden=\"true\" rel=\"nofollow noopener\" target=\"_blank\">&#13;<br \/>\n                        <img decoding=\"async\" src=\"https:\/\/www.eliasfausto.sp.gov.br\/noticias\/Arquitetura\/Imagens\/fotonaodisponivel.jpg\" alt=\"Escala M\u00e9dicos - Janeiro 2026\"\/>&#13;<br \/>\n                    <\/a>&#13;<br \/>\n&#13;<br \/>\n                &#13;<br \/>\n            &#13;<br \/>\n            &#13;<br \/>\n                    <a class=\"list-item__img\" href=\"https:\/\/www.eliasfausto.sp.gov.br\/noticias\/saude\/funcionamento-dos-servicos-publicos-no-recesso-de-final-de-ano\" tabindex=\"-1\" aria-hidden=\"true\" rel=\"nofollow noopener\" target=\"_blank\">&#13;<br \/>\n                        <img decoding=\"async\" src=\"https:\/\/www.europesays.com\/pt\/wp-content\/uploads\/2026\/01\/m_32_0_1_19122025144721.jpg\" alt=\"Funcionamento dos Servi\u00e7os P\u00fablicos no recesso de Final de Ano\"\/>&#13;<br \/>\n                    <\/a>&#13;<br \/>\n&#13;<br \/>\n                &#13;<br \/>\n            &#13;<br \/>\n    &#13;<\/p>\n","protected":false},"excerpt":{"rendered":"&#13; &#13; &#13; &#13; &#13; In\u00edcio&#13; &#13; &#13; Not\u00edcias&#13; &#13; &#13; &#13; &#13; &#13; &#13; &#13; Chuvas e&hellip;\n","protected":false},"author":2,"featured_media":222106,"comment_status":"","ping_status":"","sticky":false,"template":"","format":"standard","meta":{"footnotes":""},"categories":[86],"tags":[116,32,33,117],"class_list":{"0":"post-222105","1":"post","2":"type-post","3":"status-publish","4":"format-standard","5":"has-post-thumbnail","7":"category-saude","8":"tag-health","9":"tag-portugal","10":"tag-pt","11":"tag-saude"},"share_on_mastodon":{"url":"https:\/\/pubeurope.com\/@pt\/115865443658385531","error":""},"_links":{"self":[{"href":"https:\/\/www.europesays.com\/pt\/wp-json\/wp\/v2\/posts\/222105","targetHints":{"allow":["GET"]}}],"collection":[{"href":"https:\/\/www.europesays.com\/pt\/wp-json\/wp\/v2\/posts"}],"about":[{"href":"https:\/\/www.europesays.com\/pt\/wp-json\/wp\/v2\/types\/post"}],"author":[{"embeddable":true,"href":"https:\/\/www.europesays.com\/pt\/wp-json\/wp\/v2\/users\/2"}],"replies":[{"embeddable":true,"href":"https:\/\/www.europesays.com\/pt\/wp-json\/wp\/v2\/comments?post=222105"}],"version-history":[{"count":0,"href":"https:\/\/www.europesays.com\/pt\/wp-json\/wp\/v2\/posts\/222105\/revisions"}],"wp:featuredmedia":[{"embeddable":true,"href":"https:\/\/www.europesays.com\/pt\/wp-json\/wp\/v2\/media\/222106"}],"wp:attachment":[{"href":"https:\/\/www.europesays.com\/pt\/wp-json\/wp\/v2\/media?parent=222105"}],"wp:term":[{"taxonomy":"category","embeddable":true,"href":"https:\/\/www.europesays.com\/pt\/wp-json\/wp\/v2\/categories?post=222105"},{"taxonomy":"post_tag","embeddable":true,"href":"https:\/\/www.europesays.com\/pt\/wp-json\/wp\/v2\/tags?post=222105"}],"curies":[{"name":"wp","href":"https:\/\/api.w.org\/{rel}","templated":true}]}}