{"id":222107,"date":"2026-01-09T13:46:39","date_gmt":"2026-01-09T13:46:39","guid":{"rendered":"https:\/\/www.europesays.com\/pt\/222107\/"},"modified":"2026-01-09T13:46:39","modified_gmt":"2026-01-09T13:46:39","slug":"escolha-por-vacinas-registradas-reduz-riscos-na-sanidade-dos-rebanhos-noticias-r7","status":"publish","type":"post","link":"https:\/\/www.europesays.com\/pt\/222107\/","title":{"rendered":"Escolha por vacinas registradas reduz riscos na sanidade dos rebanhos \u2013 Noticias R7"},"content":{"rendered":"<p><img decoding=\"async\" data-chromatic=\"ignore\" alt=\"\" class=\"c-image\" loading=\"lazy\" src=\"https:\/\/www.europesays.com\/pt\/wp-content\/uploads\/2026\/01\/IZJ644KHZRDB5KFIKD2S6H574Q.jpg\"  width=\"300\" height=\"200\"\/>Vacinas registradas oferecem prote\u00e7\u00e3o mais consistente aos rebanhos Foto cedida: Zoetis <\/p>\n<p class=\"jarvics:base-text-neutral-high-400 base-text-[calc(theme(fontSize.xs)_*_var(--font-size,_1))] base-font-normal base-font-primary base-text-neutral-low-500 base-text-left\">As vacinas evolu\u00edram significativamente e passaram a incorporar tecnologias avan\u00e7adas, como plataformas de DNA, RNA e vacinas vetorizadas.<\/p>\n<p class=\"jarvics:base-text-neutral-high-400 base-text-[calc(theme(fontSize.xs)_*_var(--font-size,_1))] base-font-normal base-font-primary base-text-neutral-low-500 base-text-left\">O desenvolvimento de uma vacina registrada pode levar de sete a dez anos e envolve estudos de efic\u00e1cia, seguran\u00e7a, estabilidade e desempenho a campo, al\u00e9m de auditorias conduzidas pelo Minist\u00e9rio da Agricultura e Pecu\u00e1ria (MAPA). Esse processo assegura rastreabilidade, padroniza\u00e7\u00e3o e controle de qualidade cont\u00ednuo.<\/p>\n<p class=\"jarvics:base-text-neutral-high-400 base-text-[calc(theme(fontSize.xs)_*_var(--font-size,_1))] base-font-normal base-font-primary base-text-neutral-low-500 base-text-left\">\u201cVacinas registradas re\u00fanem anos de pesquisa e valida\u00e7\u00f5es cient\u00edficas. Sempre que houver uma formula\u00e7\u00e3o aprovada dispon\u00edvel, essa deve ser a escolha priorit\u00e1ria do produtor\u201d, disse Kairon Franz, gerente de Produto de Su\u00ednos da Zoetis Brasil.<\/p>\n<p class=\"jarvics:base-text-neutral-high-400 base-text-[calc(theme(fontSize.xs)_*_var(--font-size,_1))] base-font-normal base-font-primary base-text-neutral-low-500 base-text-left\">As vacinas aut\u00f3genas t\u00eam uso restrito a situa\u00e7\u00f5es espec\u00edficas, especialmente quando n\u00e3o h\u00e1 vacina registrada dispon\u00edvel. S\u00e3o sempre inativadas, apresentam menor n\u00edvel tecnol\u00f3gico e n\u00e3o contam com comprova\u00e7\u00e3o robusta de prote\u00e7\u00e3o, al\u00e9m de dependerem fortemente do adjuvante para gerar resposta imune.<\/p>\n<p class=\"jarvics:base-text-neutral-high-400 base-text-[calc(theme(fontSize.xs)_*_var(--font-size,_1))] base-font-normal base-font-primary base-text-neutral-low-500 base-text-left\">Diante desse cen\u00e1rio, a recomenda\u00e7\u00e3o t\u00e9cnica \u00e9 clara: quando houver uma vacina registrada dispon\u00edvel, ela deve ser priorizada. \u201cEsses produtos representam um conjunto consolidado de evid\u00eancias cient\u00edficas que sustentam seu uso seguro e eficiente no campo\u201d, disse Sergio Aoki, cientista da Zoetis Brasil e pesquisador do VMRD.<\/p>\n<p class=\"jarvics:base-text-neutral-high-400 base-text-[calc(theme(fontSize.xs)_*_var(--font-size,_1))] base-font-normal base-font-primary base-text-neutral-low-500 base-text-left\">\u2705<b>Fique por dentro das principais not\u00edcias do dia no Brasil e no mundo. <\/b><a href=\"https:\/\/whatsapp.com\/channel\/0029Va6eEELGZNCyryabmO1m\" rel=\"nofollow noopener\" target=\"_blank\"><b>Siga o canal do R7<\/b><\/a><b>, o portal de not\u00edcias da Record, no WhatsApp<\/b><\/p>\n","protected":false},"excerpt":{"rendered":"Vacinas registradas oferecem prote\u00e7\u00e3o mais consistente aos rebanhos Foto cedida: Zoetis As vacinas evolu\u00edram significativamente e passaram a&hellip;\n","protected":false},"author":2,"featured_media":222108,"comment_status":"","ping_status":"","sticky":false,"template":"","format":"standard","meta":{"footnotes":""},"categories":[84],"tags":[8040,109,107,108,32,33,105,103,104,106,110],"class_list":{"0":"post-222107","1":"post","2":"type-post","3":"status-publish","4":"format-standard","5":"has-post-thumbnail","7":"category-ciencia-e-tecnologia","8":"tag-agronegocio","9":"tag-ciencia","10":"tag-ciencia-e-tecnologia","11":"tag-cienciaetecnologia","12":"tag-portugal","13":"tag-pt","14":"tag-science","15":"tag-science-and-technology","16":"tag-scienceandtechnology","17":"tag-technology","18":"tag-tecnologia"},"share_on_mastodon":{"url":"https:\/\/pubeurope.com\/@pt\/115865451323788085","error":""},"_links":{"self":[{"href":"https:\/\/www.europesays.com\/pt\/wp-json\/wp\/v2\/posts\/222107","targetHints":{"allow":["GET"]}}],"collection":[{"href":"https:\/\/www.europesays.com\/pt\/wp-json\/wp\/v2\/posts"}],"about":[{"href":"https:\/\/www.europesays.com\/pt\/wp-json\/wp\/v2\/types\/post"}],"author":[{"embeddable":true,"href":"https:\/\/www.europesays.com\/pt\/wp-json\/wp\/v2\/users\/2"}],"replies":[{"embeddable":true,"href":"https:\/\/www.europesays.com\/pt\/wp-json\/wp\/v2\/comments?post=222107"}],"version-history":[{"count":0,"href":"https:\/\/www.europesays.com\/pt\/wp-json\/wp\/v2\/posts\/222107\/revisions"}],"wp:featuredmedia":[{"embeddable":true,"href":"https:\/\/www.europesays.com\/pt\/wp-json\/wp\/v2\/media\/222108"}],"wp:attachment":[{"href":"https:\/\/www.europesays.com\/pt\/wp-json\/wp\/v2\/media?parent=222107"}],"wp:term":[{"taxonomy":"category","embeddable":true,"href":"https:\/\/www.europesays.com\/pt\/wp-json\/wp\/v2\/categories?post=222107"},{"taxonomy":"post_tag","embeddable":true,"href":"https:\/\/www.europesays.com\/pt\/wp-json\/wp\/v2\/tags?post=222107"}],"curies":[{"name":"wp","href":"https:\/\/api.w.org\/{rel}","templated":true}]}}