{"id":222112,"date":"2026-01-09T13:50:15","date_gmt":"2026-01-09T13:50:15","guid":{"rendered":"https:\/\/www.europesays.com\/pt\/222112\/"},"modified":"2026-01-09T13:50:15","modified_gmt":"2026-01-09T13:50:15","slug":"servicos-de-imigracao-norte-americanos-matam-mulher-sao-uns-criminosos-que-vergonha-jornal-de-noticias","status":"publish","type":"post","link":"https:\/\/www.europesays.com\/pt\/222112\/","title":{"rendered":"Servi\u00e7os de Imigra\u00e7\u00e3o norte-americanos matam mulher: &quot;S\u00e3o uns criminosos, que vergonha&quot; &#8211; Jornal de Not\u00edcias"},"content":{"rendered":"<ol>\n<li><a href=\"https:\/\/news.google.com\/rss\/articles\/CBMixgFBVV95cUxNb2N3M0dJU3AxZmt1UXFTRTBKM0pqWWhoWlVnNjluVklLc2ZlQ3U2S2dBM2hfWElZX25janNaRXJoYks4ZE1uVlhDb3ZiVVljdVIwNGhrWEEwR0hmOUVJYkdscmZIZ1VUOXRUTDVNVk1fSHBiaXZPQzRyUHFlUmZIQjBtUEJkdTRnLUFyUzdkeFNLZ2phcVR2bG0yNlA5Y2RrS1VzcXV5WlMxRVZEd0tQSHdWM29TMTc1S0twZFRWbHhicEQ2N3fSAbQBQVVfeXFMT3Z0RGdVejFXX1pUZUxrdGdfVmEzUEE1QkVzWllHLW9UcGdEb0o4WXVNQ0doYUhjT0s0bjBiQVVhVXFYeHJLeGVRcjZMT0QxQk5RZERZWUtnQS05NGNDX3ZKOWhFbzRPS3h0MDVhWUgwVEFtM0NPbG9PcVpiMWdpM3h0MWpSV1ZBT2cyWm81Q1dtZ1JKVDdfaTFHTEpvc21OSUliT2IzaHhXV3cyZmx0T2NiM1NU?oc=5\" target=\"_blank\" rel=\"nofollow noopener\">Servi\u00e7os de Imigra\u00e7\u00e3o norte-americanos matam mulher: &#8220;S\u00e3o uns criminosos, que vergonha&#8221;<\/a>&nbsp;&nbsp;Jornal de Not\u00edcias<\/li>\n<li><a href=\"https:\/\/news.google.com\/rss\/articles\/CBMiuAFBVV95cUxPeDItd3IzUHZXcmtoRGxqMjhLRGs1MkZydlZvY1dLUGR6N3N2bmFrZHVJa1lDVjRLRU8tUW03b1hDQmdESnRmMW5RRk4tMG92X3p0UVVpR3E5dVZQeS1tWFlfU0Uzc3RGSW42azhXNkx3cXlQMWlxZTZGQzNyMXNOME15ekRsSi1wNFhlcmFNQ08zQ25TRzNFeHgzMVctNWZpbHV6V3JOODkwRWdYTWoxeGxvNFhwUk1R?oc=5\" target=\"_blank\" rel=\"nofollow noopener\">An\u00e1lise: Morte de mulher por agente do ICE aumenta tens\u00e3o pol\u00edtica nos EUA<\/a>&nbsp;&nbsp;CNN Brasil<\/li>\n<li><a href=\"https:\/\/news.google.com\/rss\/articles\/CBMi3AFBVV95cUxQTy1kS1ZjbjdQcm1vLXFmSTBDZ3lmX1N3b2d0LU9VWWZyUjhCV0dpcmxoTGkxU1Rlek5xbEFvVjQ1MWtBYndpVFNFcUgwZGc5UHhJV3RITEtxcDhJMnZxOWVDRjMzNW5GOGVBREtZUW45X1FMV3daR1NjdXJwd1V0dnFwY1BYZ3czWHk5eHFoWENtUEVlVkg4eFpoRUF5c2NwcjhBZWRQd2lBNFU1NkNCOTJibXRWdDhMNkZPeEs1UEstVDk0SlYzYzZLN2Z4R2dsUlhVSUNIenJZTU1t?oc=5\" target=\"_blank\" rel=\"nofollow noopener\">Prefeito de Minneapolis ataca Trump: &#8216;Desprezo pelas normas democr\u00e1ticas&#8217;<\/a>&nbsp;&nbsp;UOL Not\u00edcias<\/li>\n<li><a href=\"https:\/\/news.google.com\/rss\/articles\/CBMigAJBVV95cUxQb2NEdlNVXzMxTi1uV1F0VG5IeTFaOXBrVjJEOF9QUlFwSDc5TWtKdkxBLWZTSVdwcHpCSVVDUUVqRG5seFkxenZieURZbW9yTjJxbmNLaVFEMTEzZDAzNEthRm1wUTdjUHJCWjBGWXlxN2dXamNGclRxd0kyUS1JM1FXeXVjaG1IWVZTdFp5X0xnMWVPZWVYQ0ZQcGtyYzI0dWlCdVk2TENuNm1lWDYtaktmU0E4X0QwdjAxbkd5VVVtMldfXzhjREFvakZSekw2eGxwTEZOUnBKTnFNSW8ybVNubEJfeXlLMFZ4cEpXcDlRQzExTFk2WHZhM0RGT0t00gGPAkFVX3lxTE9wc011bkx5YldHZXFUT2tSXzMyWlRtWTNjeDNoYk14MU5SQlA5SDFDMUYtZlh3N1hIeF9tbTl5ckVQNnNfbWRVUC1CZExlQ0hwaWIyQmtyQUw5U3l5YnhOMWZHRHBQOWtjM3hYcVdsMkhZRkloeGpMek9UbXo1WlhsV2JyYVRkbnluTzJyZ1BGYVJ0ZjhVODNwU0FjeFBCaUVEYUpmUzY1TGdqaDdkSWpNYnJXYUwxdExRc3hTZ1JYYXJjV3FDTE1mYWFPMHFfamNFWHVBSjVraHZoV25yMW9rTXcxMGxxQ2JUdHVnWGVBYzAxSF9pWHluSmhZS3BtellNY0xYRER1NW1lcjF5RFk?oc=5\" target=\"_blank\" rel=\"nofollow noopener\">Vice de Trump diz que agente envolvido na morte de mulher em Mine\u00e1polis tem &#8216;imunidade absoluta&#8217; e defende investiga\u00e7\u00e3o na esfera federal<\/a>&nbsp;&nbsp;G1<\/li>\n<li><a href=\"https:\/\/news.google.com\/rss\/articles\/CBMiygFBVV95cUxObDZYVnRzS3htVmRKT1dnWVd3aUpZWFhaWWg0YUprNjYyaXVfblRzeG5JeFZGd3A2RHFjdUJBU1VEY2NaYWlwcUo1N0lEemZPOFRPQXhobnctT1lzZHNtRkNiaWZhQVJTSnZ5Ynd1anZyMGowMHk0NF9IYWV4VUY0SjNTLWhBUlRPVV9WMzhFeDlRQWpfbFVGYlhHWDBoWWlLUmtfUzRvLWEyblp2eUNUVldETXlPZmw4a2pmZFJJNkhyTGFRcEFuMUVn?oc=5\" target=\"_blank\" rel=\"nofollow noopener\">Investigadores estaduais dizem n\u00e3o ter acesso a provas no caso de mulher morta por agente da ICE<\/a>&nbsp;&nbsp;Estad\u00e3o<\/li>\n<\/ol>\n","protected":false},"excerpt":{"rendered":"Servi\u00e7os de Imigra\u00e7\u00e3o norte-americanos matam mulher: &#8220;S\u00e3o uns criminosos, que vergonha&#8221;&nbsp;&nbsp;Jornal de Not\u00edcias An\u00e1lise: Morte de mulher por&hellip;\n","protected":false},"author":2,"featured_media":222113,"comment_status":"","ping_status":"","sticky":false,"template":"","format":"standard","meta":{"footnotes":""},"categories":[8],"tags":[27,28,42166,413,15,16,14,17541,1481,25,26,21,22,12,13,19,20,32,23,24,33,17,18,29,30,31],"class_list":{"0":"post-222112","1":"post","2":"type-post","3":"status-publish","4":"format-standard","5":"has-post-thumbnail","7":"category-principais-noticias","8":"tag-breaking-news","9":"tag-breakingnews","10":"tag-disparos","11":"tag-eua","12":"tag-featured-news","13":"tag-featurednews","14":"tag-headlines","15":"tag-ice","16":"tag-imigracao","17":"tag-latest-news","18":"tag-latestnews","19":"tag-main-news","20":"tag-mainnews","21":"tag-news","22":"tag-noticias","23":"tag-noticias-principais","24":"tag-noticiasprincipais","25":"tag-portugal","26":"tag-principais-noticias","27":"tag-principaisnoticias","28":"tag-pt","29":"tag-top-stories","30":"tag-topstories","31":"tag-ultimas","32":"tag-ultimas-noticias","33":"tag-ultimasnoticias"},"share_on_mastodon":{"url":"https:\/\/pubeurope.com\/@pt\/115865467219725741","error":""},"_links":{"self":[{"href":"https:\/\/www.europesays.com\/pt\/wp-json\/wp\/v2\/posts\/222112","targetHints":{"allow":["GET"]}}],"collection":[{"href":"https:\/\/www.europesays.com\/pt\/wp-json\/wp\/v2\/posts"}],"about":[{"href":"https:\/\/www.europesays.com\/pt\/wp-json\/wp\/v2\/types\/post"}],"author":[{"embeddable":true,"href":"https:\/\/www.europesays.com\/pt\/wp-json\/wp\/v2\/users\/2"}],"replies":[{"embeddable":true,"href":"https:\/\/www.europesays.com\/pt\/wp-json\/wp\/v2\/comments?post=222112"}],"version-history":[{"count":0,"href":"https:\/\/www.europesays.com\/pt\/wp-json\/wp\/v2\/posts\/222112\/revisions"}],"wp:featuredmedia":[{"embeddable":true,"href":"https:\/\/www.europesays.com\/pt\/wp-json\/wp\/v2\/media\/222113"}],"wp:attachment":[{"href":"https:\/\/www.europesays.com\/pt\/wp-json\/wp\/v2\/media?parent=222112"}],"wp:term":[{"taxonomy":"category","embeddable":true,"href":"https:\/\/www.europesays.com\/pt\/wp-json\/wp\/v2\/categories?post=222112"},{"taxonomy":"post_tag","embeddable":true,"href":"https:\/\/www.europesays.com\/pt\/wp-json\/wp\/v2\/tags?post=222112"}],"curies":[{"name":"wp","href":"https:\/\/api.w.org\/{rel}","templated":true}]}}