{"id":222114,"date":"2026-01-09T13:51:08","date_gmt":"2026-01-09T13:51:08","guid":{"rendered":"https:\/\/www.europesays.com\/pt\/222114\/"},"modified":"2026-01-09T13:51:08","modified_gmt":"2026-01-09T13:51:08","slug":"faleceu-a-atriz-elisa-lisboa-tinha-81-anos","status":"publish","type":"post","link":"https:\/\/www.europesays.com\/pt\/222114\/","title":{"rendered":"Faleceu a atriz Elisa Lisboa. Tinha 81 anos"},"content":{"rendered":"<blockquote data-type=\"articles\" data-id=\"related-article-18038508\"><p>\n              <strong>Leia tamb\u00e9m <\/strong><br \/>\n              <a href=\"https:\/\/www.ojogo.pt\/futebol\/artigo\/thiago-silva-pode-estrear-se-pelo-fc-porto-no-classico-com-o-benfica\/18038508\" rel=\"nofollow noopener\" target=\"_blank\">Thiago Silva pode estrear-se pelo FC Porto no cl\u00e1ssico com o Benfica<\/a>\n            <\/p><\/blockquote>\n<p>A atriz e professora Elisa Lisboa, figura com uma longa carreira no teatro, cinema e televis\u00e3o, morreu na noite de quinta-feira, aos 81 anos, anunciou esta sexta-feira a Casa do Artista.<\/p>\n<p>&#8220;Partiu ontem [quinta-feira] \u00e0 noite a atriz Elisa Lisboa&#8221;, pode ler-se numa publica\u00e7\u00e3o nas redes sociais da Casa do Artista, que lembra a extensa carreira da atriz, iniciada no Teatro Experimental de Cascais em 1967.<\/p>\n<p data-remotead-prev-elm=\"true\" data-remotead-elm-id=\"centro1\">A antiga professora da Escola Superior de Teatro e Cinema fez parte do elenco de filmes como &#8220;Coisa Ruim&#8221;, de Tiago Guedes e Frederico Serra, e &#8220;Axilas&#8221;, de Jos\u00e9 Fonseca e Costa, enquanto na televis\u00e3o passou por &#8220;Morangos com A\u00e7\u00facar&#8221;, &#8220;Podia Acabar o Mundo&#8221;, &#8220;Meu Amor&#8221;, &#8220;Doce Tenta\u00e7\u00e3o&#8221; e &#8220;A Impostora&#8221;, entre outras.<\/p>\n<p>Estudou m\u00fasica e chegou ao sexto ano de piano, paix\u00e3o que manteve ao longo da vida, tendo ido para o teatro &#8220;um bocado por exclus\u00e3o de partes&#8221;, como disse em 2012 numa entrevista \u00e0 RTP, na qual explicou que foi pedir ao fundador do TEC Carlos Avilez para que a deixasse trabalhar em cena.<\/p>\n<p>Depois do TEC, passou por companhias como a Rey Cola\u00e7o-Robles Monteiro, onde fez &#8220;Hedda Gabler&#8221;, de Ibsen, e &#8220;O Duelo&#8221;, de Bernardo Santareno, ainda antes do 25 de Abril, a que se seguiu um extenso percurso com o Grupo Teatro Hoje, o Teatro da Gra\u00e7a, que ajudou a fundar.<\/p>\n<p data-remotead-prev-elm=\"true\" data-remotead-elm-id=\"centro2\">Com essa companhia interpretou m\u00faltiplas pe\u00e7as, desde &#8220;A Gaivota&#8221;, de Tchekov, a &#8220;Uma Abelha na Chuva&#8221;, de Carlos de Oliveira, e &#8220;As L\u00e1grimas Amargas de Petra von Kant&#8221;, de Fassbinder.<\/p>\n<p>Sobre esta \u00faltima obra, encenada em 1986 no Teatro da Trindade, em Lisboa, escreveu o cr\u00edtico Tito L\u00edvio que foi a mais &#8220;sublime interpreta\u00e7\u00e3o&#8221; de Elisa Lisboa, no papel daquela &#8220;figura muda de palavras, presen\u00e7a inquietante, sombra n\u00e3o submissa embora o pare\u00e7a, da protagonista, Petra von Kant&#8221;.<\/p>\n<p>Questionada, em 2012, sobre se preferia o teatro ou a televis\u00e3o, Elisa Lisboa respondeu que eram coisas muito diferentes, incompar\u00e1veis, mas ambas com margem para fazer sempre melhor.<\/p>\n<p>&#8220;Em todos os campos de ser atriz, acho que 80% \u00e9 t\u00e9cnica, depois h\u00e1 uns 10% que \u00e9 ter uma boa voz e qualidades para representar e outros 10% \u00e9 ter o talento e a intelig\u00eancia para pegar nisto tudo e fazer qualquer coisa. Depois, h\u00e1 1% que sai fora destes 100% que \u00e9 aquela coisa que espero sempre que chegue, que \u00e9 a fa\u00edsca, que o meu anjo da guarda fa\u00e7a assim, toc&#8221;, explicou a atriz.<\/p>\n","protected":false},"excerpt":{"rendered":"Leia tamb\u00e9m Thiago Silva pode estrear-se pelo FC Porto no cl\u00e1ssico com o Benfica A atriz e professora&hellip;\n","protected":false},"author":2,"featured_media":222115,"comment_status":"","ping_status":"","sticky":false,"template":"","format":"standard","meta":{"footnotes":""},"categories":[145],"tags":[211,210,114,115,20987,2409,32,33],"class_list":{"0":"post-222114","1":"post","2":"type-post","3":"status-publish","4":"format-standard","5":"has-post-thumbnail","7":"category-celebridades","8":"tag-celebridades","9":"tag-celebrities","10":"tag-entertainment","11":"tag-entretenimento","12":"tag-extra","13":"tag-obito","14":"tag-portugal","15":"tag-pt"},"share_on_mastodon":{"url":"https:\/\/pubeurope.com\/@pt\/115865471050111788","error":""},"_links":{"self":[{"href":"https:\/\/www.europesays.com\/pt\/wp-json\/wp\/v2\/posts\/222114","targetHints":{"allow":["GET"]}}],"collection":[{"href":"https:\/\/www.europesays.com\/pt\/wp-json\/wp\/v2\/posts"}],"about":[{"href":"https:\/\/www.europesays.com\/pt\/wp-json\/wp\/v2\/types\/post"}],"author":[{"embeddable":true,"href":"https:\/\/www.europesays.com\/pt\/wp-json\/wp\/v2\/users\/2"}],"replies":[{"embeddable":true,"href":"https:\/\/www.europesays.com\/pt\/wp-json\/wp\/v2\/comments?post=222114"}],"version-history":[{"count":0,"href":"https:\/\/www.europesays.com\/pt\/wp-json\/wp\/v2\/posts\/222114\/revisions"}],"wp:featuredmedia":[{"embeddable":true,"href":"https:\/\/www.europesays.com\/pt\/wp-json\/wp\/v2\/media\/222115"}],"wp:attachment":[{"href":"https:\/\/www.europesays.com\/pt\/wp-json\/wp\/v2\/media?parent=222114"}],"wp:term":[{"taxonomy":"category","embeddable":true,"href":"https:\/\/www.europesays.com\/pt\/wp-json\/wp\/v2\/categories?post=222114"},{"taxonomy":"post_tag","embeddable":true,"href":"https:\/\/www.europesays.com\/pt\/wp-json\/wp\/v2\/tags?post=222114"}],"curies":[{"name":"wp","href":"https:\/\/api.w.org\/{rel}","templated":true}]}}