{"id":222116,"date":"2026-01-09T13:54:10","date_gmt":"2026-01-09T13:54:10","guid":{"rendered":"https:\/\/www.europesays.com\/pt\/222116\/"},"modified":"2026-01-09T13:54:10","modified_gmt":"2026-01-09T13:54:10","slug":"a-queda-do-ano-recruta-da-primeira-companhia-torna-se-viral-e-o-video-ja-foi-visto-por-mais-de-um-milhao-de-pessoas-primeira-companhia","status":"publish","type":"post","link":"https:\/\/www.europesays.com\/pt\/222116\/","title":{"rendered":"A queda do ano. Recruta da Primeira Companhia torna-se viral e o v\u00eddeo j\u00e1 foi visto por mais de um milh\u00e3o de pessoas &#8211; Primeira Companhia"},"content":{"rendered":"<p> A queda mais ins\u00f3lita da Primeira Companhia est\u00e1 a fazer rir a internet. <\/p>\n<p data-end=\"440\" data-start=\"175\">H\u00e1 momentos que n\u00e3o se planeiam e que acabam por se tornar virais pelos motivos mais inesperados. Foi exatamente isso que aconteceu na Primeira Companhia, quando<strong> <a href=\"https:\/\/tvi.iol.pt\/primeiracompanhia\/video\/a-queda-do-ano-rui-freitas-vai-parar-ao-chao-e-o-momento-e-de-chorar-a-rir\/6960ca360cf22dd7c7f51743\" rel=\"nofollow noopener\" target=\"_blank\">Rui Freitas protagonizou aquela que muitos j\u00e1 consideram a queda mais hilariante de sempre <\/a>do programa e mais de 1 milh\u00e3o de pessoas j\u00e1 viu o v\u00eddeo.<\/strong><\/p>\n<p data-end=\"772\" data-start=\"442\">O recruta aproveitava um raro momento sozinho para descomprimir, longe da press\u00e3o dos treinos e das ordens constantes. Estava na rua, a fumar calmamente, aparentemente tranquilo, quando decidiu, de forma totalmente aleat\u00f3ria, colocar-se em bicos dos p\u00e9s. Sem qualquer raz\u00e3o aparente, o gesto acabou por ter um desfecho inesperado.<\/p>\n<p data-end=\"1054\" data-start=\"774\"><strong>Num segundo, Rui perdeu o equil\u00edbrio e acabou no ch\u00e3o, numa queda t\u00e3o inesperada quanto caricata.<\/strong> O mais curioso \u00e9 que n\u00e3o havia obst\u00e1culos, corridas ou distra\u00e7\u00f5es \u00e0 volta. Apenas um momento de descontra\u00e7\u00e3o que terminou de forma completamente absurda e, claro, registada em v\u00eddeo.<\/p>\n<p data-end=\"1342\" data-start=\"1056\">As imagens rapidamente come\u00e7aram a circular e o v\u00eddeo tornou-se um dos mais comentados entre os f\u00e3s do programa. Muitos n\u00e3o conseguem conter o riso perante a naturalidade da situa\u00e7\u00e3o, enquanto outros sublinham como at\u00e9 nos momentos mais calmos a Primeira Companhia consegue surpreender.<\/p>\n<p data-end=\"1583\" data-is-last-node=\"\" data-is-only-node=\"\" data-start=\"1344\">\u00a0<\/p>\n<p data-end=\"1583\" data-is-last-node=\"\" data-is-only-node=\"\" data-start=\"1344\">Entre gargalhadas e coment\u00e1rios divertidos, uma coisa \u00e9 certa: <a href=\"https:\/\/tvi.iol.pt\/primeiracompanhia\/video\/rui-freitas-apanhado-a-fazer-um-treino-noturno-sozinho-esta-e-a-explicacao\/6960bee60cf2b450a1467417\" rel=\"nofollow noopener\" target=\"_blank\"><strong>Rui Freitas pode ter ca\u00eddo sozinho, mas levou consigo milhares de pessoas ao riso. <\/strong><\/a>Um momento espont\u00e2neo que j\u00e1 entrou para a galeria dos epis\u00f3dios mais ins\u00f3litos desta edi\u00e7\u00e3o.<\/p>\n<p>O Rui \u00e9 um verdadeiro showman fora do palco. Apaixonado por motas, m\u00fasica e poker, traz para a 1\u00aa Companhia uma energia divertida e uma vontade feroz de vencer.<\/p>\n<p>Com 20 anos de carreira musical na banda 4Mens e uma vida marcada por conquistas \u2013 desde pr\u00e9mios internacionais at\u00e9 torneios de poker \u2013 encara este desafio como mais um campeonato onde n\u00e3o admite perder. Sente que vai finalmente fazer a recruta que lhe faltava no curr\u00edculo! Admite que acordar cedo e cumprir ordens ser\u00e3o grandes desafios.<\/p>\n<p>Confesso pregui\u00e7oso, admite que a disciplina militar vai p\u00f4r \u00e0 prova a sua tend\u00eancia para deixar tudo para a \u00faltima hora. As saudades da concertina \u00e9 que v\u00e3o ser dif\u00edceis de superar.<\/p>\n","protected":false},"excerpt":{"rendered":"A queda mais ins\u00f3lita da Primeira Companhia est\u00e1 a fazer rir a internet. H\u00e1 momentos que n\u00e3o se&hellip;\n","protected":false},"author":2,"featured_media":222117,"comment_status":"","ping_status":"","sticky":false,"template":"","format":"standard","meta":{"footnotes":""},"categories":[142],"tags":[328,114,115,32686,338,42110,32,33,42886,151,162],"class_list":{"0":"post-222116","1":"post","2":"type-post","3":"status-publish","4":"format-standard","5":"has-post-thumbnail","7":"category-tv","8":"tag-concorrentes","9":"tag-entertainment","10":"tag-entretenimento","11":"tag-jose-moutinho","12":"tag-maria-botelho-moniz","13":"tag-momentos-virais-primeira-companhia","14":"tag-portugal","15":"tag-pt","16":"tag-rui-freitas","17":"tag-tv","18":"tag-tvi"},"share_on_mastodon":{"url":"https:\/\/pubeurope.com\/@pt\/115865482837139276","error":""},"_links":{"self":[{"href":"https:\/\/www.europesays.com\/pt\/wp-json\/wp\/v2\/posts\/222116","targetHints":{"allow":["GET"]}}],"collection":[{"href":"https:\/\/www.europesays.com\/pt\/wp-json\/wp\/v2\/posts"}],"about":[{"href":"https:\/\/www.europesays.com\/pt\/wp-json\/wp\/v2\/types\/post"}],"author":[{"embeddable":true,"href":"https:\/\/www.europesays.com\/pt\/wp-json\/wp\/v2\/users\/2"}],"replies":[{"embeddable":true,"href":"https:\/\/www.europesays.com\/pt\/wp-json\/wp\/v2\/comments?post=222116"}],"version-history":[{"count":0,"href":"https:\/\/www.europesays.com\/pt\/wp-json\/wp\/v2\/posts\/222116\/revisions"}],"wp:featuredmedia":[{"embeddable":true,"href":"https:\/\/www.europesays.com\/pt\/wp-json\/wp\/v2\/media\/222117"}],"wp:attachment":[{"href":"https:\/\/www.europesays.com\/pt\/wp-json\/wp\/v2\/media?parent=222116"}],"wp:term":[{"taxonomy":"category","embeddable":true,"href":"https:\/\/www.europesays.com\/pt\/wp-json\/wp\/v2\/categories?post=222116"},{"taxonomy":"post_tag","embeddable":true,"href":"https:\/\/www.europesays.com\/pt\/wp-json\/wp\/v2\/tags?post=222116"}],"curies":[{"name":"wp","href":"https:\/\/api.w.org\/{rel}","templated":true}]}}