{"id":222118,"date":"2026-01-09T13:56:08","date_gmt":"2026-01-09T13:56:08","guid":{"rendered":"https:\/\/www.europesays.com\/pt\/222118\/"},"modified":"2026-01-09T13:56:08","modified_gmt":"2026-01-09T13:56:08","slug":"sosia-de-harry-potter-toma-atitude-apos-ser-notificado-pela-warner-bros","status":"publish","type":"post","link":"https:\/\/www.europesays.com\/pt\/222118\/","title":{"rendered":"S\u00f3sia de Harry Potter toma atitude ap\u00f3s ser notificado pela Warner Bros"},"content":{"rendered":"<p data-start=\"0\" data-end=\"277\">O cantor de arrocha conhecido at\u00e9 ent\u00e3o como<strong> <a href=\"https:\/\/www.correiobraziliense.com.br\/busca\/harry%20potter\/page\/1\/\" target=\"_blank\" rel=\"nofollow noopener\">Harry O Bruxo<\/a><\/strong> anunciou nesta quarta-feira (7) que passar\u00e1 a usar apenas o nome art\u00edstico O Bruxo.<\/p>\n<p data-start=\"0\" data-end=\"277\">A mudan\u00e7a ocorreu ap\u00f3s o artista receber uma notifica\u00e7\u00e3o da Warner Bros. Discovery, detentora dos direitos da franquia \u201cHarry Potter\u201d.<\/p>\n<p data-start=\"279\" data-end=\"640\">A imagem p\u00fablica do m\u00fasico sempre esteve diretamente ligada \u00e0 semelhan\u00e7a f\u00edsica com o personagem vivido por Daniel Radcliffe nos cinemas.<\/p>\n<p data-start=\"279\" data-end=\"640\">O visual inspirado no bruxo brit\u00e2nico foi adotado como estrat\u00e9gia de divulga\u00e7\u00e3o nas redes sociais e acabou se tornando uma marca registrada do artista, contribuindo de forma decisiva para sua proje\u00e7\u00e3o no cen\u00e1rio do arrocha.<\/p>\n<p data-start=\"642\" data-end=\"1054\">Com essa identidade, o cantor ganhou notoriedade ao unir o figurino caracter\u00edstico a vers\u00f5es e interpreta\u00e7\u00f5es de m\u00fasicas populares do g\u00eanero.<\/p>\n<p data-start=\"642\" data-end=\"1054\">Um dos maiores exemplos \u00e9 a faixa \u201cBrega do Bruxo\u201d, que j\u00e1 ultrapassa a marca de 1 milh\u00e3o de visualiza\u00e7\u00f5es no YouTube.<\/p>\n<p data-start=\"642\" data-end=\"1054\">Em 2025, ele lan\u00e7ou o \u00e1lbum \u201cBrega do Bruxo 2.0\u201d, reunindo 14 m\u00fasicas, entre elas \u201cSorri, Sou Rei\u201d, \u201cEstepe Emocional\u201d, \u201cCron\u00f4metro\u201d e \u201cUm Cent\u00edmetro\u201d.<\/p>\n<p data-start=\"1056\" data-end=\"1357\">A decis\u00e3o de alterar o nome foi explicada pelo pr\u00f3prio artista em um v\u00eddeo publicado nas redes sociais na ter\u00e7a-feira (6).<\/p>\n<p data-start=\"1056\" data-end=\"1357\">Segundo ele, a Warner Bros. entrou em contato com sua assessoria respons\u00e1vel por marcas e patentes para informar que o uso do nome fazia refer\u00eancia direta a uma marca registrada.<\/p>\n<p data-start=\"1359\" data-end=\"1681\">\u201cA partir de hoje, nosso nome n\u00e3o ser\u00e1 mais Harry O Bruxo. Ser\u00e1 s\u00f3 O Bruxo\u201d, afirmou o cantor no v\u00eddeo.<\/p>\n<p data-start=\"1359\" data-end=\"1681\">Em seguida, completou: \u201cA Warner Bros, que \u00e9 uma empresa respeitada e que eu respeito muito, entrou em contato com nossa assessoria de marcas e patentes e explicou que a gente n\u00e3o poderia estar fazendo uso desse nome\u201d.<\/p>\n<p data-start=\"1683\" data-end=\"2089\" data-is-last-node=\"\" data-is-only-node=\"\">Ainda no pronunciamento, o m\u00fasico refor\u00e7ou que a mudan\u00e7a ocorre por respeito \u00e0 franquia e ao personagem.<\/p>\n<p data-start=\"1683\" data-end=\"2089\" data-is-last-node=\"\" data-is-only-node=\"\">\u201cEnt\u00e3o, em respeito \u00e0 Warner Bros, em respeito ao <strong><a href=\"https:\/\/www.instagram.com\/bruxocantor\/\" target=\"_blank\" rel=\"nofollow noopener\">Harry Potter<\/a><\/strong>\u2026 Gente, eu n\u00e3o sou o Harry Potter. Mas por respeito a essa marca maravilhosa e a toda essa trajet\u00f3ria maravilhosa do Harry, eu estou removendo o nome \u2018Harry\u2019 das redes sociais. Vai ficar s\u00f3 \u2018O Bruxo\u2019. Espero que voc\u00eas entendam\u201d, concluiu.<\/p>\n<p data-start=\"1683\" data-end=\"2089\" data-is-last-node=\"\" data-is-only-node=\"\">\u00a0<\/p>\n<p data-start=\"1683\" data-end=\"2089\" data-is-last-node=\"\" data-is-only-node=\"\">\u00a0<\/p>\n<p data-start=\"1683\" data-end=\"2089\" data-is-last-node=\"\" data-is-only-node=\"\">\u00a0<\/p>\n<p class=\"texto\">\n<ul>\n<li><a href=\"https:\/\/wa.me\/?text=S%C3%B3sia+de+Harry+Potter+toma+atitude+ap%C3%B3s+ser+notificado+pela+Warner+Bros%20https:\/\/www.correiobraziliense.com.br\/colunistas\/mariana-morais\/2026\/01\/7329337-sosia-de-harry-potter-toma-atitude-apos-ser-notificado-pela-warner-bros.html\" target=\"_blank\" title=\"Whatsapp\" aria-label=\"WhatsApp\" rel=\"nofollow noopener\"><\/a><\/li>\n<li><a href=\"https:\/\/www.facebook.com\/sharer.php?u=https:\/\/www.correiobraziliense.com.br%2Fcolunistas%2Fmariana-morais%2F2026%2F01%2F7329337-sosia-de-harry-potter-toma-atitude-apos-ser-notificado-pela-warner-bros.html&amp;text=S%C3%B3sia+de+Harry+Potter+toma+atitude+ap%C3%B3s+ser+notificado+pela+Warner+Bros\" target=\"_blank\" title=\"Facebook\" aria-label=\"Facebook\" rel=\"nofollow noopener\"><\/a><\/li>\n<li><a href=\"https:\/\/twitter.com\/intent\/tweet?url=https:\/\/www.correiobraziliense.com.br%2Fcolunistas%2Fmariana-morais%2F2026%2F01%2F7329337-sosia-de-harry-potter-toma-atitude-apos-ser-notificado-pela-warner-bros.html&amp;text=S%C3%B3sia+de+Harry+Potter+toma+atitude+ap%C3%B3s+ser+notificado+pela+Warner+Bros\" target=\"_blank\" title=\"Twitter\" aria-label=\"Twitter\" rel=\"nofollow noopener\"><\/a><\/li>\n<li><a href=\"https:\/\/profile.google.com\/cp\/CgovbS8wNzZ0dms1\" title=\"Google Discover\" target=\"_blank\" aria-label=\"Google Discover\" rel=\"nofollow noopener\"><img decoding=\"async\" src=\"https:\/\/www.europesays.com\/pt\/wp-content\/uploads\/2025\/12\/google-discover-icon.png\" style=\"height: 25px; margin: 0 !important; margin-left: 3px;\" alt=\"Google Discover Icon\"\/><\/a><\/li>\n<\/ul>\n<p>                          <script async src=\"https:\/\/platform.twitter.com\/widgets.js\" charset=\"utf-8\"><\/script><script async src=\"\/\/www.instagram.com\/embed.js\"><\/script><\/p>\n","protected":false},"excerpt":{"rendered":"O cantor de arrocha conhecido at\u00e9 ent\u00e3o como Harry O Bruxo anunciou nesta quarta-feira (7) que passar\u00e1 a&hellip;\n","protected":false},"author":2,"featured_media":222119,"comment_status":"","ping_status":"","sticky":false,"template":"","format":"standard","meta":{"footnotes":""},"categories":[140],"tags":[114,115,147,148,711,700,146,32,42887,33],"class_list":{"0":"post-222118","1":"post","2":"type-post","3":"status-publish","4":"format-standard","5":"has-post-thumbnail","7":"category-filmes","8":"tag-entertainment","9":"tag-entretenimento","10":"tag-film","11":"tag-filmes","12":"tag-harry","13":"tag-harry-potter","14":"tag-movies","15":"tag-portugal","16":"tag-potter","17":"tag-pt"},"share_on_mastodon":{"url":"https:\/\/pubeurope.com\/@pt\/115865490786642680","error":""},"_links":{"self":[{"href":"https:\/\/www.europesays.com\/pt\/wp-json\/wp\/v2\/posts\/222118","targetHints":{"allow":["GET"]}}],"collection":[{"href":"https:\/\/www.europesays.com\/pt\/wp-json\/wp\/v2\/posts"}],"about":[{"href":"https:\/\/www.europesays.com\/pt\/wp-json\/wp\/v2\/types\/post"}],"author":[{"embeddable":true,"href":"https:\/\/www.europesays.com\/pt\/wp-json\/wp\/v2\/users\/2"}],"replies":[{"embeddable":true,"href":"https:\/\/www.europesays.com\/pt\/wp-json\/wp\/v2\/comments?post=222118"}],"version-history":[{"count":0,"href":"https:\/\/www.europesays.com\/pt\/wp-json\/wp\/v2\/posts\/222118\/revisions"}],"wp:featuredmedia":[{"embeddable":true,"href":"https:\/\/www.europesays.com\/pt\/wp-json\/wp\/v2\/media\/222119"}],"wp:attachment":[{"href":"https:\/\/www.europesays.com\/pt\/wp-json\/wp\/v2\/media?parent=222118"}],"wp:term":[{"taxonomy":"category","embeddable":true,"href":"https:\/\/www.europesays.com\/pt\/wp-json\/wp\/v2\/categories?post=222118"},{"taxonomy":"post_tag","embeddable":true,"href":"https:\/\/www.europesays.com\/pt\/wp-json\/wp\/v2\/tags?post=222118"}],"curies":[{"name":"wp","href":"https:\/\/api.w.org\/{rel}","templated":true}]}}