{"id":222126,"date":"2026-01-09T14:02:10","date_gmt":"2026-01-09T14:02:10","guid":{"rendered":"https:\/\/www.europesays.com\/pt\/222126\/"},"modified":"2026-01-09T14:02:10","modified_gmt":"2026-01-09T14:02:10","slug":"venezuela-alega-que-mulher-de-maduro-foi-detida-porque-quis-ir-com-marido","status":"publish","type":"post","link":"https:\/\/www.europesays.com\/pt\/222126\/","title":{"rendered":"Venezuela alega que mulher de Maduro foi detida porque quis ir com marido"},"content":{"rendered":"<p>O governo venezuelano adiantou que Cilia Flores, mulher de Nicol\u00e1s Maduro, n\u00e3o era para ter sido detida no dia da opera\u00e7\u00e3o militar levada a cabo pelos Estados Unidos da Venezuela. No entanto, ter\u00e1 pedido para ir com o marido.\u00a0<\/p>\n<p>O governo da Venezuela deu mais alguns detalhes acerca da captura de Nicol\u00e1s Maduro e de Cilia Flores, tendo elogiado tamb\u00e9m o &#8220;hero\u00edsmo, for\u00e7a e dedica\u00e7\u00e3o&#8221; de Maduro, que &#8220;\u00e9 o presidente constitucional&#8221; da Venezuela.\u00a0<\/p>\n<p>Numa entrevista, no programa &#8220;Con el mazo dando&#8221;, o ministro do Interior, Diosdado Cabello, explicou ainda que, inicialmente, os militares norte-americanos n\u00e3o tinham a inten\u00e7\u00e3o de levar Cilia Flores, mas que ter\u00e1 sido a mulher de Maduro a pedir para ir com o marido.\u00a0<\/p>\n<p>&#8220;Cilia disse: &#8216;Se levarem o meu marido, ter\u00e3o de me levar tamb\u00e9m&#8217;. Hoje, um colega disse que isso ter\u00e1 salvado a vida de Nicol\u00e1s&#8221;, salientou.\u00a0<\/p>\n<p>Diosdado Cabello tamb\u00e9m n\u00e3o poupou elogios \u00e0 presidente interina da Venezuela, Delcy Rodr\u00edguez, nos momentos que sucederam o ataque dos Estados Unidos.\u00a0<\/p>\n<p>&#8220;A luta que temos neste momento \u00e9 a de trazer Cilia e Nicol\u00e1s de volta. Exigimos que nos sejam devolvidos&#8221;, disse, adiantando que o n\u00famero de mortos ap\u00f3s a opera\u00e7\u00e3o militar ascendeu aos 100 e que, por isso, foram decretados sete dias de luto no pa\u00eds.<\/p>\n<p>Note-se que j\u00e1 havia sido avan\u00e7ado pelo governo da Venezuela que tanto Maduro como Cilia Flores tinham sofrido ferimentos durante a opera\u00e7\u00e3o militar dos Estados Unidos.<\/p>\n<p>&#8220;Cilia [Flores, mulher de Maduro] foi ferida na cabe\u00e7a e golpeada no corpo. O &#8216;irm\u00e3o&#8217; Nicol\u00e1s foi ferido numa perna. Felizmente, eles est\u00e3o a recuperar dos ferimentos&#8217;, disse Cabello.<\/p>\n<p>                                                    <img decoding=\"async\" height=\"640\" with=\"360\" src=\"https:\/\/www.europesays.com\/pt\/wp-content\/uploads\/2026\/01\/46234089.jpg\" border=\"0\" alt=\"Governo venezuelano diz que ataque dos EUA causou pelo menos 100 mortos\"\/><\/p>\n<p>Pelo menos 100 pessoas morreram na sequ\u00eancia do ataque dos Estados Unidos \u00e0 Venezuela, que levou \u00e0 captura do Presidente do pa\u00eds, Nicol\u00e1s Maduro, anunciou o ministro do Interior venezuelano, Diosdado Cabello.<\/p>\n<p>                                                     Lusa | 02:54 &#8211; 08\/01\/2026 <\/p>\n<p>De recordar que os Estados Unidos lan\u00e7aram, no s\u00e1bado passado, um ataque contra a Venezuela para deter o l\u00edder venezuelano e a mulher, e anunciaram que v\u00e3o governar o pa\u00eds at\u00e9 se concluir uma transi\u00e7\u00e3o de poder.<\/p>\n<p>Delcy Rodr\u00edguez, vice-presidente executiva de Maduro, assumiu a presid\u00eancia interina do pa\u00eds com o apoio das For\u00e7as Armadas.<\/p>\n<p>J\u00e1 na segunda-feira, Maduro e a mulher prestaram breves declara\u00e7\u00f5es num tribunal de Nova Iorque para responder \u00e0s acusa\u00e7\u00f5es de tr\u00e1fico de droga, corrup\u00e7\u00e3o e branqueamento de capitais e ambos declararam-se inocentes.<\/p>\n<p>A pr\u00f3xima audi\u00eancia est\u00e1 marcada para 17 de mar\u00e7o.<\/p>\n<p>                                                    <img decoding=\"async\" height=\"640\" with=\"360\" src=\"https:\/\/www.europesays.com\/pt\/wp-content\/uploads\/2026\/01\/1767967330_290_naom_695bb7b3f003d.jpg\" border=\"0\" alt=\"\"\/><\/p>\n<p>O Presidente venezuelano, Nicol\u00e1s Maduro, declarou-se hoje inocente na sua primeira apari\u00e7\u00e3o perante um tribunal de Nova Iorque, ap\u00f3s ter sido capturado pelas autoridades norte-americanas.<\/p>\n<p>                                                     Lusa | 17:50 &#8211; 05\/01\/2026 <\/p>\n<p>                                                    Quem \u00e9 Delcy Rodr\u00edguez?<\/p>\n<p>Mulher de confian\u00e7a de Nicol\u00e1s Maduro, com liga\u00e7\u00f5es ao patronato e agora presidente interina da Venezuela, Delcy Rodr\u00edguez afirma-se como o rosto pragm\u00e1tico da transi\u00e7\u00e3o perante os Estados Unidos, se Washington trabalhar com a administra\u00e7\u00e3o do ex-presidente venezuelano.<\/p>\n<p>Nomeada no s\u00e1bado pelo Supremo Tribunal, ap\u00f3s a captura de Nicol\u00e1s Maduro pelas for\u00e7as norte-americanas, Delcy Elo\u00edna Rodr\u00edguez G\u00f3mez, de 56 anos, era vice-presidente desde 2018 e \u00e9 a primeira mulher na hist\u00f3ria do pa\u00eds a liderar o executivo.<\/p>\n<p>                                                    <img decoding=\"async\" height=\"640\" with=\"360\" src=\"https:\/\/www.europesays.com\/pt\/wp-content\/uploads\/2026\/01\/naom_695af25a2cdbf.jpg\" border=\"0\" alt=\"Quem \u00e9 Delcy Rodr\u00edguez, a presidente interina da Venezuela?\"\/><\/p>\n<p>Mulher de confian\u00e7a de Nicol\u00e1s Maduro, com liga\u00e7\u00f5es ao patronato e agora presidente interina da Venezuela, Delcy Rodr\u00edguez afirma-se como o rosto pragm\u00e1tico da transi\u00e7\u00e3o perante os Estados Unidos, se Washington trabalhar com a administra\u00e7\u00e3o do ex-presidente venezuelano.<\/p>\n<p>                                                    \u00a0Lusa | 23:16 &#8211; 04\/01\/2026 <\/p>\n","protected":false},"excerpt":{"rendered":"O governo venezuelano adiantou que Cilia Flores, mulher de Nicol\u00e1s Maduro, n\u00e3o era para ter sido detida no&hellip;\n","protected":false},"author":2,"featured_media":222127,"comment_status":"","ping_status":"","sticky":false,"template":"","format":"standard","meta":{"footnotes":""},"categories":[50],"tags":[27,28,15,16,14,25,26,21,22,62,12,13,19,20,23,24,17,18,29,30,31,63,64,65],"class_list":{"0":"post-222126","1":"post","2":"type-post","3":"status-publish","4":"format-standard","5":"has-post-thumbnail","7":"category-mundo","8":"tag-breaking-news","9":"tag-breakingnews","10":"tag-featured-news","11":"tag-featurednews","12":"tag-headlines","13":"tag-latest-news","14":"tag-latestnews","15":"tag-main-news","16":"tag-mainnews","17":"tag-mundo","18":"tag-news","19":"tag-noticias","20":"tag-noticias-principais","21":"tag-noticiasprincipais","22":"tag-principais-noticias","23":"tag-principaisnoticias","24":"tag-top-stories","25":"tag-topstories","26":"tag-ultimas","27":"tag-ultimas-noticias","28":"tag-ultimasnoticias","29":"tag-world","30":"tag-world-news","31":"tag-worldnews"},"share_on_mastodon":{"url":"https:\/\/pubeurope.com\/@pt\/115865514425060004","error":""},"_links":{"self":[{"href":"https:\/\/www.europesays.com\/pt\/wp-json\/wp\/v2\/posts\/222126","targetHints":{"allow":["GET"]}}],"collection":[{"href":"https:\/\/www.europesays.com\/pt\/wp-json\/wp\/v2\/posts"}],"about":[{"href":"https:\/\/www.europesays.com\/pt\/wp-json\/wp\/v2\/types\/post"}],"author":[{"embeddable":true,"href":"https:\/\/www.europesays.com\/pt\/wp-json\/wp\/v2\/users\/2"}],"replies":[{"embeddable":true,"href":"https:\/\/www.europesays.com\/pt\/wp-json\/wp\/v2\/comments?post=222126"}],"version-history":[{"count":0,"href":"https:\/\/www.europesays.com\/pt\/wp-json\/wp\/v2\/posts\/222126\/revisions"}],"wp:featuredmedia":[{"embeddable":true,"href":"https:\/\/www.europesays.com\/pt\/wp-json\/wp\/v2\/media\/222127"}],"wp:attachment":[{"href":"https:\/\/www.europesays.com\/pt\/wp-json\/wp\/v2\/media?parent=222126"}],"wp:term":[{"taxonomy":"category","embeddable":true,"href":"https:\/\/www.europesays.com\/pt\/wp-json\/wp\/v2\/categories?post=222126"},{"taxonomy":"post_tag","embeddable":true,"href":"https:\/\/www.europesays.com\/pt\/wp-json\/wp\/v2\/tags?post=222126"}],"curies":[{"name":"wp","href":"https:\/\/api.w.org\/{rel}","templated":true}]}}