{"id":222130,"date":"2026-01-09T14:05:10","date_gmt":"2026-01-09T14:05:10","guid":{"rendered":"https:\/\/www.europesays.com\/pt\/222130\/"},"modified":"2026-01-09T14:05:10","modified_gmt":"2026-01-09T14:05:10","slug":"a-exibicao-quase-perfeita-de-guerreiros-poderosos-cronica","status":"publish","type":"post","link":"https:\/\/www.europesays.com\/pt\/222130\/","title":{"rendered":"A exibi\u00e7\u00e3o quase perfeita de guerreiros poderosos (cr\u00f3nica)"},"content":{"rendered":"<p>H\u00e1 fotoc\u00f3pias perfeitas e fotoc\u00f3pias imperfeitas. O jogo de Leiria foi uma fotoc\u00f3pia quase perfeita do jogo de Braga, h\u00e1 apenas dez dias. O <a class=\"autolink-enabled\" data-resource-id=\"457\" data-resource-type=\"team\" data-sport=\"football\" href=\"https:\/\/www.abola.pt\/futebol\/sc-braga-457\" rel=\"nofollow noopener\" target=\"_blank\">SC Braga<\/a> partiu na frente, partiu ainda mais na frente, pois chegou ao intervalo com vantagem por dois golos, ao contr\u00e1rio do encontro na Pedreira. Mas n\u00e3o foi apenas neste importante detalhe que o jogo come\u00e7ou de forma semelhante. O <a class=\"autolink-enabled\" data-resource-id=\"450\" data-resource-type=\"team\" data-sport=\"football\" href=\"https:\/\/www.abola.pt\/futebol\/benfica-450\" rel=\"nofollow noopener\" target=\"_blank\">Benfica<\/a>, para ajudar \u00e0 hist\u00f3ria, fez primeira parte de equipa pequenina, sem argumentos para contrariar o advers\u00e1rio e sem capacidade para ter bola e criar perigo. Que \u00e9, no fundo, o que se pede a uma equipa grande. Que o <a class=\"autolink-enabled\" data-resource-id=\"450\" data-resource-type=\"team\" data-sport=\"football\" href=\"https:\/\/www.abola.pt\/futebol\/benfica-450\" rel=\"nofollow noopener\" target=\"_blank\">Benfica<\/a> n\u00e3o foi at\u00e9 ao intervalo.<\/p>\n<p>Por\u00e9m, para a tal c\u00f3pia ser o mais exata poss\u00edvel, era preciso que o Benfica crescesse na segunda parte e, de algum modo, encostasse o SC Braga \u00e0s cordas. Ou seja, para junto de <a class=\"autolink-enabled\" data-resource-id=\"226855\" data-resource-type=\"player\" data-sport=\"football\" href=\"https:\/\/www.abola.pt\/futebol\/jogador\/lukas-hornicek-226855\" rel=\"nofollow noopener\" target=\"_blank\">Hornicek<\/a>. O que aconteceu. Mas a conta-gotas e, sejamos justos, sem a pot\u00eancia e a contund\u00eancia de h\u00e1 apenas dez dias. O que \u00e9 dem\u00e9rito do Benfica, mas muito m\u00e9rito do SC Braga.<\/p>\n<p>O <a class=\"autolink-enabled\" data-resource-id=\"457\" data-resource-type=\"team\" data-sport=\"football\" href=\"https:\/\/www.abola.pt\/futebol\/sc-braga-457\" rel=\"nofollow noopener\" target=\"_blank\">SC Braga<\/a> chega \u00e0 final com merecimento m\u00e1ximo. Dominou o <a class=\"autolink-enabled\" data-resource-id=\"450\" data-resource-type=\"team\" data-sport=\"football\" href=\"https:\/\/www.abola.pt\/futebol\/benfica-450\" rel=\"nofollow noopener\" target=\"_blank\">Benfica<\/a> em 70 por cento do tempo de jogo e foi dominado, se assim poderemos dizer, em apenas 30 por cento. Frente a um advers\u00e1rio orientado por um dos melhores treinadores mundiais de todos os tempos e com um plantel insuflado por 100 milh\u00f5es de euros, os bracarenses teriam, em teoria, tarefa herc\u00falea. Mas transformaram esta tit\u00e2nica miss\u00e3o, n\u00e3o num passeio como o 3-1 final pode, de algum modo, mostrar, mas numa vit\u00f3ria just\u00edssima e hist\u00f3rica.<\/p>\n<p>O primeiro tempo foi, como j\u00e1 escrevemos, brilhante fotoc\u00f3pia do jogo da Pedreira, h\u00e1 apenas dez dias: SC Braga a sufocar o Benfica l\u00e1 atr\u00e1s, n\u00e3o criando demasiadas ocasi\u00f5es de golo, mas partindo sempre com muito perigo para cima da defesa encarnada. Os bracarenses dominaram quase de ponta a ponta a etapa inicial, excluindo o minuto 5, quando <a class=\"autolink-enabled\" data-resource-id=\"55942\" data-resource-type=\"player\" data-sport=\"football\" href=\"https:\/\/www.abola.pt\/futebol\/jogador\/pavlidis-55942\" rel=\"nofollow noopener\" target=\"_blank\">Pavlidis<\/a> e <a class=\"autolink-enabled\" data-resource-id=\"228169\" data-resource-type=\"player\" data-sport=\"football\" href=\"https:\/\/www.abola.pt\/futebol\/jogador\/heorhii-sudakov-228169\" rel=\"nofollow noopener\" target=\"_blank\">Sudakov<\/a> andaram perto do golo. Foi, por\u00e9m, apenas um suspiro.<\/p>\n<p>A seguir, como se n\u00e3o houvesse amanh\u00e3, os guerreiros pegaram na bola e passaram a construir sucessivos lances perigosos. Sobretudo, como no jogo da Liga, com <a class=\"autolink-enabled\" data-resource-id=\"211164\" data-resource-type=\"player\" data-sport=\"football\" href=\"https:\/\/www.abola.pt\/futebol\/jogador\/rodrigo-zalazar-211164\" rel=\"nofollow noopener\" target=\"_blank\">Zalazar<\/a> e <a class=\"autolink-enabled\" data-resource-id=\"222211\" data-resource-type=\"player\" data-sport=\"football\" href=\"https:\/\/www.abola.pt\/futebol\/jogador\/pau-victor-222211\" rel=\"nofollow noopener\" target=\"_blank\">Pau<\/a> V\u00edctor em enorme destaque. O uruguaio come\u00e7ou, aos 19\u2019, por prender <a class=\"autolink-enabled\" data-resource-id=\"1978\" data-resource-type=\"player\" data-sport=\"football\" href=\"https:\/\/www.abola.pt\/futebol\/jogador\/nicolas-otamendi-1978\" rel=\"nofollow noopener\" target=\"_blank\">Otamendi<\/a> no lado esquerdo da defesa, esperou pela chegada do espanhol, ofereceu-lhe a bola, <a class=\"autolink-enabled\" data-resource-id=\"226935\" data-resource-type=\"player\" data-sport=\"football\" href=\"https:\/\/www.abola.pt\/futebol\/jogador\/tomas-araujo-226935\" rel=\"nofollow noopener\" target=\"_blank\">Tom\u00e1s Ara\u00fajo<\/a> teve abordagem displicente ao lance e <a class=\"autolink-enabled\" data-resource-id=\"222211\" data-resource-type=\"player\" data-sport=\"football\" href=\"https:\/\/www.abola.pt\/futebol\/jogador\/pau-victor-222211\" rel=\"nofollow noopener\" target=\"_blank\">Pau<\/a> V\u00edctor abriu, de forma f\u00e1cil, o marcador: 0-1.<\/p>\n<p>O Benfica era, ent\u00e3o, uma sombra de si pr\u00f3prio. N\u00e3o, claro, uma sombra do melhor Benfica desta temporada, mas uma sombra, bem negra, do pior Benfica que j\u00e1 se vira em 2025\/2026: cinzento a tender para a negritude absoluta. Por culpa pr\u00f3pria, sim, de forma evidente, mas tamb\u00e9m por culpa de um SC Braga sempre mais esclarecido, mais perigoso, mais talentoso, mais criativo. Enfim, acima de tudo, mais equipa.<\/p>\n<p>O SC Braga chegava ao intervalo a ganhar por dois golos de diferen\u00e7a, melhor ainda do que no jogo de 28 de dezembro, quando chegou ao descanso a vencer pela margem m\u00ednima: 2-1. H\u00e1 pouco mais de um ano que o Benfica n\u00e3o chegava ao intervalo a perder por dois de diferen\u00e7a e pouco mais de um ano que o SC Braga n\u00e3o ganhava ao Benfica, ao intervalo, por dois de diferen\u00e7a. O jogo, claro, foi o mesmo: 4 de janeiro de 2025, Est\u00e1dio da Luz, jornada 17 da Liga.<\/p>\n<p>Como seria, por\u00e9m, o p\u00f3s-intervalo? Em muitos dos \u00faltimos jogos com Jos\u00e9 Mourinho (V. Guimar\u00e3es, Nacional, <a class=\"autolink-enabled\" data-resource-id=\"448\" data-resource-type=\"team\" data-sport=\"football\" href=\"https:\/\/www.abola.pt\/futebol\/sporting-448\" rel=\"nofollow noopener\" target=\"_blank\">Sporting<\/a>, Moreirense e <a class=\"autolink-enabled\" data-resource-id=\"457\" data-resource-type=\"team\" data-sport=\"football\" href=\"https:\/\/www.abola.pt\/futebol\/sc-braga-457\" rel=\"nofollow noopener\" target=\"_blank\">SC Braga<\/a>, por exemplo), o <a class=\"autolink-enabled\" data-resource-id=\"450\" data-resource-type=\"team\" data-sport=\"football\" href=\"https:\/\/www.abola.pt\/futebol\/benfica-450\" rel=\"nofollow noopener\" target=\"_blank\">Benfica<\/a> cresceu ap\u00f3s o intervalo. Repetir-se-ia a saga ou o <a class=\"autolink-enabled\" data-resource-id=\"457\" data-resource-type=\"team\" data-sport=\"football\" href=\"https:\/\/www.abola.pt\/futebol\/sc-braga-457\" rel=\"nofollow noopener\" target=\"_blank\">SC Braga<\/a>, muito bem treinado por Carlos Vicens, conseguiria evitar o que aconteceu no jogo de h\u00e1 dez dias?<\/p>\n<p>E assim foi, de facto. Jos\u00e9 Mourinho tirou <a class=\"autolink-enabled\" data-resource-id=\"229088\" data-resource-type=\"player\" data-sport=\"football\" href=\"https:\/\/www.abola.pt\/futebol\/jogador\/manu-silva-229088\" rel=\"nofollow noopener\" target=\"_blank\">Manu Silva<\/a>, meteu <a class=\"autolink-enabled\" data-resource-id=\"258465\" data-resource-type=\"player\" data-sport=\"football\" href=\"https:\/\/www.abola.pt\/futebol\/jogador\/prestianni-258465\" rel=\"nofollow noopener\" target=\"_blank\">Prestianni<\/a> e colocou <a class=\"autolink-enabled\" data-resource-id=\"59583\" data-resource-type=\"player\" data-sport=\"football\" href=\"https:\/\/www.abola.pt\/futebol\/jogador\/fredrik-aursnes-59583\" rel=\"nofollow noopener\" target=\"_blank\">Aursnes<\/a> ao lado de <a class=\"autolink-enabled\" data-resource-id=\"224774\" data-resource-type=\"player\" data-sport=\"football\" href=\"https:\/\/www.abola.pt\/futebol\/jogador\/richard-rios-224774\" rel=\"nofollow noopener\" target=\"_blank\">R\u00edos<\/a>. E o Benfica cresceu. N\u00e3o sem que, antes de criar verdadeiro perigo, tivesse sido Pau V\u00edctor a obrigar <a class=\"autolink-enabled\" data-resource-id=\"204164\" data-resource-type=\"player\" data-sport=\"football\" href=\"https:\/\/www.abola.pt\/futebol\/jogador\/trubin-204164\" rel=\"nofollow noopener\" target=\"_blank\">Trubin<\/a> a defesa apertada, logo ao minuto 52. Os encarnados n\u00e3o pareceram incomodar-se com este lance e continuaram a aumentar a agressividade e as aproxima\u00e7\u00f5es \u00e0 \u00e1rea bracarense.<\/p>\n<p>Carlos Vicens apercebeu-se do perigo e dos sinais de alarme que iam surgindo perto de Hornicek e decidiu que, aos 58, era tempo de mudar. E n\u00e3o mudou por mudar. Trocou tr\u00eas unidades: <a class=\"autolink-enabled\" data-resource-id=\"172588\" data-resource-type=\"player\" data-sport=\"football\" href=\"https:\/\/www.abola.pt\/futebol\/jogador\/vitor-carvalho-172588\" rel=\"nofollow noopener\" target=\"_blank\">V\u00edtor Carvalho<\/a>, Dorceles e Pau V\u00edctor por <a class=\"autolink-enabled\" data-resource-id=\"8519\" data-resource-type=\"player\" data-sport=\"football\" href=\"https:\/\/www.abola.pt\/futebol\/jogador\/paulo-oliveira-8519\" rel=\"nofollow noopener\" target=\"_blank\">Paulo Oliveira<\/a>, <a class=\"autolink-enabled\" data-resource-id=\"191127\" data-resource-type=\"player\" data-sport=\"football\" href=\"https:\/\/www.abola.pt\/futebol\/jogador\/victor-gomez-191127\" rel=\"nofollow noopener\" target=\"_blank\">V\u00edctor G\u00f3mez<\/a> e <a class=\"autolink-enabled\" data-resource-id=\"136334\" data-resource-type=\"player\" data-sport=\"football\" href=\"https:\/\/www.abola.pt\/futebol\/jogador\/fran-navarro-136334\" rel=\"nofollow noopener\" target=\"_blank\">Fran Navarro<\/a>. Azar para os bracarenses, pois, quatro minutos depois, <a class=\"autolink-enabled\" data-resource-id=\"8519\" data-resource-type=\"player\" data-sport=\"football\" href=\"https:\/\/www.abola.pt\/futebol\/jogador\/paulo-oliveira-8519\" rel=\"nofollow noopener\" target=\"_blank\">Paulo Oliveira<\/a> fez falta na \u00e1rea sobre Pavlidis e Jo\u00e3o Pinheiro apontou para a marca dos 11 metros. E o grego fez o que j\u00e1 tanta vez conseguiu desde que chegou ao Benfica: golo.<\/p>\n<p>                            Fechar<\/p>\n<p>                                                    <img decoding=\"async\" class=\"h-full w-full max-w-[1180px] select-none rounded-t object-contain object-center\" src=\"https:\/\/www.europesays.com\/pt\/wp-content\/uploads\/2026\/01\/46836814-5f99-4ad5-83ab-afa169a93e40.jpg\" alt=\"Equipa do Benfica\" x-show=\"imageGalleryOpened &amp;&amp; imageGalleryImageIndex == 1\"\/><\/p>\n<p>                                                    <img decoding=\"async\" class=\"h-full w-full max-w-[1180px] select-none rounded-t object-contain object-center\" src=\"https:\/\/www.europesays.com\/pt\/wp-content\/uploads\/2026\/01\/a713ca15-78ad-4a01-b518-d2c16ee07b22.jpg\" alt=\"Festejos do SC Braga\" x-show=\"imageGalleryOpened &amp;&amp; imageGalleryImageIndex == 2\"\/><\/p>\n<p>                                        \/ 17<\/p>\n<p>                                        Festejos do SC Braga<\/p>\n<p>                                                    <img decoding=\"async\" class=\"h-full w-full max-w-[1180px] select-none rounded-t object-contain object-center\" src=\"https:\/\/www.europesays.com\/pt\/wp-content\/uploads\/2026\/01\/28edcc64-cc47-48f7-b6bd-ea6b007a1711.jpg\" alt=\"Festejos do SC Braga\" x-show=\"imageGalleryOpened &amp;&amp; imageGalleryImageIndex == 3\"\/><\/p>\n<p>                                        \/ 17<\/p>\n<p>                                        Festejos do SC Braga<\/p>\n<p>                                                    <img decoding=\"async\" class=\"h-full w-full max-w-[1180px] select-none rounded-t object-contain object-center\" src=\"https:\/\/www.europesays.com\/pt\/wp-content\/uploads\/2026\/01\/4c41a75e-37fa-4cba-a244-3c1569bc597a.jpg\" alt=\"Festejos do SC Braga\" x-show=\"imageGalleryOpened &amp;&amp; imageGalleryImageIndex == 4\"\/><\/p>\n<p>                                        \/ 17<\/p>\n<p>                                        Festejos do SC Braga<\/p>\n<p>                                                    <img decoding=\"async\" class=\"h-full w-full max-w-[1180px] select-none rounded-t object-contain object-center\" src=\"https:\/\/www.europesays.com\/pt\/wp-content\/uploads\/2026\/01\/f41fabd7-c861-407d-927e-3639533dfbe4.jpg\" alt=\"Richard R\u00edos e Ricardo Horta\" x-show=\"imageGalleryOpened &amp;&amp; imageGalleryImageIndex == 5\"\/><\/p>\n<p>                                        \/ 17<\/p>\n<p>                                        Richard R\u00edos e Ricardo Horta<\/p>\n<p>                                                    <img decoding=\"async\" class=\"h-full w-full max-w-[1180px] select-none rounded-t object-contain object-center\" src=\"https:\/\/www.europesays.com\/pt\/wp-content\/uploads\/2026\/01\/e194b684-ca8a-4a37-a8a6-1ec089d4c4d1.jpg\" alt=\"V\u00edtor Carvalho e Leandro Barreiro\" x-show=\"imageGalleryOpened &amp;&amp; imageGalleryImageIndex == 6\"\/><\/p>\n<p>                                        \/ 17<\/p>\n<p>                                        V\u00edtor Carvalho e Leandro Barreiro<\/p>\n<p>                                                    <img decoding=\"async\" class=\"h-full w-full max-w-[1180px] select-none rounded-t object-contain object-center\" src=\"https:\/\/www.europesays.com\/pt\/wp-content\/uploads\/2026\/01\/a1d75c8c-38fa-45d0-afdd-ed1eb58e61f7.jpg\" alt=\"Jo\u00e3o Pinheiro, \u00e1rbitro do Benfica-SC Braga\" x-show=\"imageGalleryOpened &amp;&amp; imageGalleryImageIndex == 7\"\/><\/p>\n<p>                                        \/ 17<\/p>\n<p>                                        Jo\u00e3o Pinheiro, \u00e1rbitro do Benfica-SC Braga<\/p>\n<p>                                                    <img decoding=\"async\" class=\"h-full w-full max-w-[1180px] select-none rounded-t object-contain object-center\" src=\"https:\/\/www.europesays.com\/pt\/wp-content\/uploads\/2026\/01\/947d2e9c-e3bf-4107-a801-6630edd2fb23.jpg\" alt=\"Carlos Vicens, treinador do SC Braga\" x-show=\"imageGalleryOpened &amp;&amp; imageGalleryImageIndex == 8\"\/><\/p>\n<p>                                        \/ 17<\/p>\n<p>                                        Carlos Vicens, treinador do SC Braga<\/p>\n<p>                                                    <img decoding=\"async\" class=\"h-full w-full max-w-[1180px] select-none rounded-t object-contain object-center\" src=\"https:\/\/www.europesays.com\/pt\/wp-content\/uploads\/2026\/01\/99645692-87ed-4696-90c2-094e37a880d4.jpg\" alt=\"Pavlidis\" x-show=\"imageGalleryOpened &amp;&amp; imageGalleryImageIndex == 9\"\/><\/p>\n<p>                                                    <img decoding=\"async\" class=\"h-full w-full max-w-[1180px] select-none rounded-t object-contain object-center\" src=\"https:\/\/www.europesays.com\/pt\/wp-content\/uploads\/2026\/01\/1767908598_758_172da9ab-c1af-4aa9-a3a0-a6d0e7d2965d.jpg\" alt=\"Jos\u00e9 Mourinho, treinador do Benfica\" x-show=\"imageGalleryOpened &amp;&amp; imageGalleryImageIndex == 10\"\/><\/p>\n<p>                                        \/ 17<\/p>\n<p>                                        Jos\u00e9 Mourinho, treinador do Benfica<\/p>\n<p>                                                    <img decoding=\"async\" class=\"h-full w-full max-w-[1180px] select-none rounded-t object-contain object-center\" src=\"https:\/\/www.europesays.com\/pt\/wp-content\/uploads\/2026\/01\/e5d87981-0c2d-4d1b-adb1-5ffc23eca776.jpg\" alt=\"Prestianni\" x-show=\"imageGalleryOpened &amp;&amp; imageGalleryImageIndex == 11\"\/><\/p>\n<p>                                                    <img decoding=\"async\" class=\"h-full w-full max-w-[1180px] select-none rounded-t object-contain object-center\" src=\"https:\/\/www.europesays.com\/pt\/wp-content\/uploads\/2026\/01\/1767908599_307_e8a6e19e-2dc3-40f8-8304-e21dd763fbce.jpg\" alt=\"Pavlidis reduziu para o Benfica de pen\u00e1lti\" x-show=\"imageGalleryOpened &amp;&amp; imageGalleryImageIndex == 12\"\/><\/p>\n<p>                                        \/ 17<\/p>\n<p>                                        Pavlidis reduziu para o Benfica de pen\u00e1lti<\/p>\n<p>                                                    <img decoding=\"async\" class=\"h-full w-full max-w-[1180px] select-none rounded-t object-contain object-center\" src=\"https:\/\/www.europesays.com\/pt\/wp-content\/uploads\/2026\/01\/547545db-88be-4411-832a-4adcf02374d4.jpg\" alt=\"Pavlidis reduziu para o Benfica de pen\u00e1lti\" x-show=\"imageGalleryOpened &amp;&amp; imageGalleryImageIndex == 13\"\/><\/p>\n<p>                                        \/ 17<\/p>\n<p>                                        Pavlidis reduziu para o Benfica de pen\u00e1lti<\/p>\n<p>                                                    <img decoding=\"async\" class=\"h-full w-full max-w-[1180px] select-none rounded-t object-contain object-center\" src=\"https:\/\/www.europesays.com\/pt\/wp-content\/uploads\/2026\/01\/1767967507_625_794152e8-a076-4e17-9c89-8ebfab499918.jpg\" alt=\"Pavlidis reduziu para o Benfica de pen\u00e1lti\" x-show=\"imageGalleryOpened &amp;&amp; imageGalleryImageIndex == 14\"\/><\/p>\n<p>                                        \/ 17<\/p>\n<p>                                        Pavlidis reduziu para o Benfica de pen\u00e1lti<\/p>\n<p>                                                    <img decoding=\"async\" class=\"h-full w-full max-w-[1180px] select-none rounded-t object-contain object-center\" src=\"https:\/\/www.europesays.com\/pt\/wp-content\/uploads\/2026\/01\/56fab51f-81e7-461b-9ef2-edc472f0fada.jpg\" alt=\"Lagerbielke a festejar golo - Foto: PAULO NOVAIS\/LUSA\" x-show=\"imageGalleryOpened &amp;&amp; imageGalleryImageIndex == 15\"\/><\/p>\n<p>                                        \/ 17<\/p>\n<p>                                        Lagerbielke a festejar golo &#8211; Foto: PAULO NOVAIS\/LUSA<\/p>\n<p>                                                    <img decoding=\"async\" class=\"h-full w-full max-w-[1180px] select-none rounded-t object-contain object-center\" src=\"https:\/\/www.europesays.com\/pt\/wp-content\/uploads\/2026\/01\/c753f205-2199-4136-8c3a-47f8dd3b5a29.jpg\" alt=\"Festejos do SC Braga - Foto: PAULO NOVAIS\/LUSA\" x-show=\"imageGalleryOpened &amp;&amp; imageGalleryImageIndex == 16\"\/><\/p>\n<p>                                        \/ 17<\/p>\n<p>                                        Festejos do SC Braga &#8211; Foto: PAULO NOVAIS\/LUSA<\/p>\n<p>                                                    <img decoding=\"async\" class=\"h-full w-full max-w-[1180px] select-none rounded-t object-contain object-center\" src=\"https:\/\/www.europesays.com\/pt\/wp-content\/uploads\/2026\/01\/88a0a5ab-f69b-4954-95ef-62859bc640a3.jpg\" alt=\"Festejos do SC Braga - Foto: PAULO NOVAIS\/LUSA\" x-show=\"imageGalleryOpened &amp;&amp; imageGalleryImageIndex == 17\"\/><\/p>\n<p>                                        \/ 17<\/p>\n<p>                                        Festejos do SC Braga &#8211; Foto: PAULO NOVAIS\/LUSA<\/p>\n<p>            Galeria de imagens<\/p>\n<p>            17 Fotos<\/p>\n<p>Mourinho n\u00e3o esperou e tirou o cinzentinho Sudakov para meter Sidney <a class=\"autolink-enabled\" data-resource-id=\"274806\" data-resource-type=\"player\" data-sport=\"football\" href=\"https:\/\/www.abola.pt\/futebol\/jogador\/sidny-lopes-cabral-274806\" rel=\"nofollow noopener\" target=\"_blank\">Cabral<\/a>. A ideia era clara e \u00f3bvia: agitar, agitar, agitar. E o jogo come\u00e7ou a ficar partido. Fran Navarro falhou, na cara de Trubin, o 3-1. Um pouco mais tarde, vendo o Benfica por cima do jogo, mas sem conseguir criar verdadeiras oportunidades de golo, o treinador do Benfica retirou Aursnes e colocou Ivanovic em campo. Era a vez de <a class=\"autolink-enabled\" data-resource-id=\"191869\" data-resource-type=\"player\" data-sport=\"football\" href=\"https:\/\/www.abola.pt\/futebol\/jogador\/leandro-barreiro-191869\" rel=\"nofollow noopener\" target=\"_blank\">Barreiro<\/a> recuar para perto de R\u00edos. Mourinho apostava ent\u00e3o numa esp\u00e9cie de 4x4x2.<\/p>\n<p>Por\u00e9m, instantes depois, apareceu o banho de \u00e1gua gelada. Livre lateral sobre a direita, bola a voar a defesa encarnada, desvio inesperado em <a class=\"autolink-enabled\" data-resource-id=\"226935\" data-resource-type=\"player\" data-sport=\"football\" href=\"https:\/\/www.abola.pt\/futebol\/jogador\/tomas-araujo-226935\" rel=\"nofollow noopener\" target=\"_blank\">Tom\u00e1s Ara\u00fajo<\/a>, defesa de Trubin para a frente, aparecendo o sueco <a class=\"autolink-enabled\" data-resource-id=\"190138\" data-resource-type=\"player\" data-sport=\"football\" href=\"https:\/\/www.abola.pt\/futebol\/jogador\/lagerbielke-190138\" rel=\"nofollow noopener\" target=\"_blank\">Lagerbielke<\/a> a desviar para o 3-1 final. Era o consumar de duas exibi\u00e7\u00f5es muito boas dos guerreiros de Carlos Vicens (Braga e Leiria) e agora com a final da Ta\u00e7a da Liga. Ainda bem, para os bracarenses, que Ant\u00f3nio Salvador teve paci\u00eancia para esperar pelos frutos do trabalho do treinador espanhol.<\/p>\n","protected":false},"excerpt":{"rendered":"H\u00e1 fotoc\u00f3pias perfeitas e fotoc\u00f3pias imperfeitas. O jogo de Leiria foi uma fotoc\u00f3pia quase perfeita do jogo de&hellip;\n","protected":false},"author":2,"featured_media":222131,"comment_status":"","ping_status":"","sticky":false,"template":"","format":"standard","meta":{"footnotes":""},"categories":[8],"tags":[27,28,15,16,14,25,26,21,22,12,13,19,20,32,23,24,33,17,18,29,30,31],"class_list":{"0":"post-222130","1":"post","2":"type-post","3":"status-publish","4":"format-standard","5":"has-post-thumbnail","7":"category-principais-noticias","8":"tag-breaking-news","9":"tag-breakingnews","10":"tag-featured-news","11":"tag-featurednews","12":"tag-headlines","13":"tag-latest-news","14":"tag-latestnews","15":"tag-main-news","16":"tag-mainnews","17":"tag-news","18":"tag-noticias","19":"tag-noticias-principais","20":"tag-noticiasprincipais","21":"tag-portugal","22":"tag-principais-noticias","23":"tag-principaisnoticias","24":"tag-pt","25":"tag-top-stories","26":"tag-topstories","27":"tag-ultimas","28":"tag-ultimas-noticias","29":"tag-ultimasnoticias"},"share_on_mastodon":{"url":"https:\/\/pubeurope.com\/@pt\/115865526342567166","error":""},"_links":{"self":[{"href":"https:\/\/www.europesays.com\/pt\/wp-json\/wp\/v2\/posts\/222130","targetHints":{"allow":["GET"]}}],"collection":[{"href":"https:\/\/www.europesays.com\/pt\/wp-json\/wp\/v2\/posts"}],"about":[{"href":"https:\/\/www.europesays.com\/pt\/wp-json\/wp\/v2\/types\/post"}],"author":[{"embeddable":true,"href":"https:\/\/www.europesays.com\/pt\/wp-json\/wp\/v2\/users\/2"}],"replies":[{"embeddable":true,"href":"https:\/\/www.europesays.com\/pt\/wp-json\/wp\/v2\/comments?post=222130"}],"version-history":[{"count":0,"href":"https:\/\/www.europesays.com\/pt\/wp-json\/wp\/v2\/posts\/222130\/revisions"}],"wp:featuredmedia":[{"embeddable":true,"href":"https:\/\/www.europesays.com\/pt\/wp-json\/wp\/v2\/media\/222131"}],"wp:attachment":[{"href":"https:\/\/www.europesays.com\/pt\/wp-json\/wp\/v2\/media?parent=222130"}],"wp:term":[{"taxonomy":"category","embeddable":true,"href":"https:\/\/www.europesays.com\/pt\/wp-json\/wp\/v2\/categories?post=222130"},{"taxonomy":"post_tag","embeddable":true,"href":"https:\/\/www.europesays.com\/pt\/wp-json\/wp\/v2\/tags?post=222130"}],"curies":[{"name":"wp","href":"https:\/\/api.w.org\/{rel}","templated":true}]}}