{"id":222132,"date":"2026-01-09T14:06:07","date_gmt":"2026-01-09T14:06:07","guid":{"rendered":"https:\/\/www.europesays.com\/pt\/222132\/"},"modified":"2026-01-09T14:06:07","modified_gmt":"2026-01-09T14:06:07","slug":"neta-de-carlos-alberto-de-nobrega-e-diagnosticada-com-cancer","status":"publish","type":"post","link":"https:\/\/www.europesays.com\/pt\/222132\/","title":{"rendered":"Neta de Carlos Alberto de N\u00f3brega, \u00e9 diagnosticada com c\u00e2ncer"},"content":{"rendered":"<p>\n\t\t\t\tBruna Furlan, neta de Carlos Alberto de N\u00f3brega, \u00e9 diagnosticada com c\u00e2ncer de mama aos 24 anos<br \/>\n\t\t\t\tBruna Furlan, neta de Carlos Alberto de N\u00f3brega, \u00e9 diagnosticada com c\u00e2ncer de mama aos 24 anos<br \/>\n\t\t\t\tBruna Furlan, neta de Carlos Alberto de N\u00f3brega, \u00e9 diagnosticada com c\u00e2ncer de mama aos 24 anos<br \/>\n\t\t\t\tBruna Furlan, neta de Carlos Alberto de N\u00f3brega, \u00e9 diagnosticada com c\u00e2ncer de mama aos 24 anos\n\t\t\t<\/p>\n<p>\t\t\t1.0x\t\t<\/p>\n","protected":false},"excerpt":{"rendered":"Bruna Furlan, neta de Carlos Alberto de N\u00f3brega, \u00e9 diagnosticada com c\u00e2ncer de mama aos 24 anos Bruna&hellip;\n","protected":false},"author":2,"featured_media":222133,"comment_status":"","ping_status":"","sticky":false,"template":"","format":"standard","meta":{"footnotes":""},"categories":[145],"tags":[1776,5960,211,210,1128,114,115,32,33],"class_list":{"0":"post-222132","1":"post","2":"type-post","3":"status-publish","4":"format-standard","5":"has-post-thumbnail","7":"category-celebridades","8":"tag-cancer","9":"tag-cancer-de-mama","10":"tag-celebridades","11":"tag-celebrities","12":"tag-diagnostico","13":"tag-entertainment","14":"tag-entretenimento","15":"tag-portugal","16":"tag-pt"},"share_on_mastodon":{"url":"","error":""},"_links":{"self":[{"href":"https:\/\/www.europesays.com\/pt\/wp-json\/wp\/v2\/posts\/222132","targetHints":{"allow":["GET"]}}],"collection":[{"href":"https:\/\/www.europesays.com\/pt\/wp-json\/wp\/v2\/posts"}],"about":[{"href":"https:\/\/www.europesays.com\/pt\/wp-json\/wp\/v2\/types\/post"}],"author":[{"embeddable":true,"href":"https:\/\/www.europesays.com\/pt\/wp-json\/wp\/v2\/users\/2"}],"replies":[{"embeddable":true,"href":"https:\/\/www.europesays.com\/pt\/wp-json\/wp\/v2\/comments?post=222132"}],"version-history":[{"count":0,"href":"https:\/\/www.europesays.com\/pt\/wp-json\/wp\/v2\/posts\/222132\/revisions"}],"wp:featuredmedia":[{"embeddable":true,"href":"https:\/\/www.europesays.com\/pt\/wp-json\/wp\/v2\/media\/222133"}],"wp:attachment":[{"href":"https:\/\/www.europesays.com\/pt\/wp-json\/wp\/v2\/media?parent=222132"}],"wp:term":[{"taxonomy":"category","embeddable":true,"href":"https:\/\/www.europesays.com\/pt\/wp-json\/wp\/v2\/categories?post=222132"},{"taxonomy":"post_tag","embeddable":true,"href":"https:\/\/www.europesays.com\/pt\/wp-json\/wp\/v2\/tags?post=222132"}],"curies":[{"name":"wp","href":"https:\/\/api.w.org\/{rel}","templated":true}]}}