{"id":222143,"date":"2026-01-09T14:17:07","date_gmt":"2026-01-09T14:17:07","guid":{"rendered":"https:\/\/www.europesays.com\/pt\/222143\/"},"modified":"2026-01-09T14:17:07","modified_gmt":"2026-01-09T14:17:07","slug":"estados-membros-aprovam-acordo-historico-com-o-mercosul-uniao-europeia","status":"publish","type":"post","link":"https:\/\/www.europesays.com\/pt\/222143\/","title":{"rendered":"Estados-membros aprovam acordo hist\u00f3rico com o Mercosul &#8211; Uni\u00e3o Europeia"},"content":{"rendered":"<p class=\"\">&#13;<br \/>\n        O acordo comercial entre a Uni\u00e3o Europeia (UE) e o Mercosul <b>tem caminho livre para ser assinado<\/b>, depois de uma maioria qualificada dos Estados-membros do bloco ter <b>aprovado o entendimento hist\u00f3rico que criar\u00e1 a maior \u00e1rea de com\u00e9rcio livre do mundo<\/b>, cobrindo um mercado potencial de 700 milh\u00f5es de consumidores. &#13;\n    <\/p>\n<p class=\"\">&#13;<br \/>\n        A Lusa avan\u00e7ou h\u00e1 instantes que, numa primeira vota\u00e7\u00e3o pelos embaixadores dos Estados-membros junto da UE, <b>a proposta passou com os votos contra da Fran\u00e7a, Pol\u00f3nia, \u00c1ustria, Irlanda e Hungria e a absten\u00e7\u00e3o da B\u00e9lgica<\/b>, n\u00e3o tendo sido formada uma minoria de bloqueio representando 65% da popula\u00e7\u00e3o da UE. &#13;\n    <\/p>\n<p class=\"\">&#13;<br \/>\n        Quando o Conselho da UE vota uma proposta da Comiss\u00e3o ou do alto representante da Uni\u00e3o para os Neg\u00f3cios Estrangeiros e a Pol\u00edtica de Seguran\u00e7a, uma maioria qualificada s\u00f3 \u00e9 alcan\u00e7ada se estiverem reunidas simultaneamente duas condi\u00e7\u00f5es: <b>se 55 % dos Estados-membros votarem a favor \u2013 o que corresponde, na pr\u00e1tica, a 15 dos 27 pa\u00edses &#8211; e se a proposta \u00e9 apoiada por Estados-membros que representem, no m\u00ednimo, 65 % da popula\u00e7\u00e3o total da UE.<\/b>&#13;\n    <\/p>\n<p class=\"\">&#13;<br \/>\n        Al\u00e9m disso, medidas adicionais de salvaguarda do mercado agr\u00edcola, que entrariam em vigor caso houvesse um aumento expressivo nas importa\u00e7\u00f5es do Brasil, Argentina, Paraguai e Uruguai, tamb\u00e9m foram aprovadas pelos embaixadores da UE, referiram diplomatas com conhecimento do assunto ao Politico. &#13;\n    <\/p>\n<p class=\"\">&#13;<br \/>\n        Agora, <b>os 27 t\u00eam at\u00e9 \u00e0s 17h desta sexta-feira, 9 de janeiro, para apresentar quaisquer obje\u00e7\u00f5es<\/b>. Caso nenhum pa\u00eds se junte, entretanto, ao lado dos &#8216;contra&#8217;, o procedimento escrito \u00e9 encerrado com a aprova\u00e7\u00e3o formal do acordo que levou mais de duas d\u00e9cadas a ser negociado, podendo ser assinado entre as respetivas partes j\u00e1 no pr\u00f3ximo <b>dia 12 de janeiro,<\/b> no Paraguai. O Politico avan\u00e7a ainda que <b>a presidente da Comiss\u00e3o Europeia, Ursula Von der Leyen, deve viajar para o pa\u00eds da Am\u00e9rica Latina na pr\u00f3xima semana para firmar o acordo.<\/b>  &#13;\n    <\/p>\n<p class=\"\">&#13;<br \/>\n        Com o novo acordo, grande parte das tarifas que mantinham o com\u00e9rcio de bens entre as duas regi\u00f5es estagnado em 100 mil milh\u00f5es de euros ser\u00e1 eliminada. Quando as novas condi\u00e7\u00f5es entrarem em vigor, <b>Bruxelas prev\u00ea que as exporta\u00e7\u00f5es europeias poder\u00e3o aumentar rapidamente em at\u00e9 39%, somando um valor de quase 50 mil milh\u00f5es de euros<\/b>, face ao existente. &#13;\n    <\/p>\n","protected":false},"excerpt":{"rendered":"&#13; O acordo comercial entre a Uni\u00e3o Europeia (UE) e o Mercosul tem caminho livre para ser assinado,&hellip;\n","protected":false},"author":2,"featured_media":222144,"comment_status":"","ping_status":"","sticky":false,"template":"","format":"standard","meta":{"footnotes":""},"categories":[50],"tags":[562,2424,27,28,8376,15,16,14,1991,25,26,21,22,42881,62,12,13,19,20,4624,52,23,24,25827,717,17,18,29,30,31,636,63,64,65],"class_list":{"0":"post-222143","1":"post","2":"type-post","3":"status-publish","4":"format-standard","5":"has-post-thumbnail","7":"category-mundo","8":"tag-agricultura","9":"tag-argentina","10":"tag-breaking-news","11":"tag-breakingnews","12":"tag-exportacoes","13":"tag-featured-news","14":"tag-featurednews","15":"tag-headlines","16":"tag-hungria","17":"tag-latest-news","18":"tag-latestnews","19":"tag-main-news","20":"tag-mainnews","21":"tag-mercado-comum-do-sul","22":"tag-mundo","23":"tag-news","24":"tag-noticias","25":"tag-noticias-principais","26":"tag-noticiasprincipais","27":"tag-paraguai","28":"tag-politica","29":"tag-principais-noticias","30":"tag-principaisnoticias","31":"tag-republica-da-irlanda","32":"tag-tarifas","33":"tag-top-stories","34":"tag-topstories","35":"tag-ultimas","36":"tag-ultimas-noticias","37":"tag-ultimasnoticias","38":"tag-uniao-europeia","39":"tag-world","40":"tag-world-news","41":"tag-worldnews"},"share_on_mastodon":{"url":"","error":"Validation failed: Text character limit of 500 exceeded"},"_links":{"self":[{"href":"https:\/\/www.europesays.com\/pt\/wp-json\/wp\/v2\/posts\/222143","targetHints":{"allow":["GET"]}}],"collection":[{"href":"https:\/\/www.europesays.com\/pt\/wp-json\/wp\/v2\/posts"}],"about":[{"href":"https:\/\/www.europesays.com\/pt\/wp-json\/wp\/v2\/types\/post"}],"author":[{"embeddable":true,"href":"https:\/\/www.europesays.com\/pt\/wp-json\/wp\/v2\/users\/2"}],"replies":[{"embeddable":true,"href":"https:\/\/www.europesays.com\/pt\/wp-json\/wp\/v2\/comments?post=222143"}],"version-history":[{"count":0,"href":"https:\/\/www.europesays.com\/pt\/wp-json\/wp\/v2\/posts\/222143\/revisions"}],"wp:featuredmedia":[{"embeddable":true,"href":"https:\/\/www.europesays.com\/pt\/wp-json\/wp\/v2\/media\/222144"}],"wp:attachment":[{"href":"https:\/\/www.europesays.com\/pt\/wp-json\/wp\/v2\/media?parent=222143"}],"wp:term":[{"taxonomy":"category","embeddable":true,"href":"https:\/\/www.europesays.com\/pt\/wp-json\/wp\/v2\/categories?post=222143"},{"taxonomy":"post_tag","embeddable":true,"href":"https:\/\/www.europesays.com\/pt\/wp-json\/wp\/v2\/tags?post=222143"}],"curies":[{"name":"wp","href":"https:\/\/api.w.org\/{rel}","templated":true}]}}