{"id":222156,"date":"2026-01-09T14:29:08","date_gmt":"2026-01-09T14:29:08","guid":{"rendered":"https:\/\/www.europesays.com\/pt\/222156\/"},"modified":"2026-01-09T14:29:08","modified_gmt":"2026-01-09T14:29:08","slug":"grupo-hospitalar-conceicao-deve-assumir-gestao-do-novo-pronto-socorro-de-pelotas-ate-julho","status":"publish","type":"post","link":"https:\/\/www.europesays.com\/pt\/222156\/","title":{"rendered":"Grupo Hospitalar Concei\u00e7\u00e3o deve assumir gest\u00e3o do novo Pronto-Socorro de Pelotas at\u00e9 julho"},"content":{"rendered":"<p><img fetchpriority=\"high\" decoding=\"async\" class=\"w-fit lg:w-full\" loading=\"eager\" src=\"https:\/\/www.europesays.com\/pt\/wp-content\/uploads\/2026\/01\/5444235_868221a4b23c02b.jpg\" title=\"Divulga\u00e7\u00e3o \/ Prefeitura de Pelotas\" alt=\"Divulga\u00e7\u00e3o \/ Prefeitura de Pelotas\" width=\"700\" height=\"477\"\/>Hospital contar\u00e1 com 121 leitos, incluindo UTIs adulto e pedi\u00e1trica; investimento supera R$ 70 milh\u00f5es.Divulga\u00e7\u00e3o \/ Prefeitura de Pelotas<\/p>\n<p>O <strong>Grupo Hospitalar Concei\u00e7\u00e3o<\/strong> (GHC), que ser\u00e1 respons\u00e1vel pela gest\u00e3o do novo <strong>Hospital Regional de Pronto-Socorro<\/strong> (HRPS) de Pelotas, <strong>deve assumir a institui\u00e7\u00e3o entre junho e julho de 2024<\/strong>.<\/p>\n<p>Em entrevista ao programa Ga\u00facha Atualidade de ter\u00e7a-feira (6), <strong>o presidente do GHC, Gilberto Barichello<\/strong>, afirmou que, a partir da <strong>primeira quinzena de janeiro<\/strong>, a institui\u00e7\u00e3o <strong>come\u00e7ar\u00e1 a dimensionar o tamanho da for\u00e7a de trabalho<\/strong> necess\u00e1ria para a opera\u00e7\u00e3o na unidade.<\/p>\n<p>\u2014 A tend\u00eancia \u00e9 que o Grupo Concei\u00e7\u00e3o assuma eficazmente em junho ou julho esse hospital. Vamos pactuar com o gestor municipal e o gestor estadual da sa\u00fade os quantitativos de atendimento, porque \u00e9 um pronto-socorro que vai servir para toda a regi\u00e3o \u2014 explicou Barichello.<\/p>\n<p>A gest\u00e3o do HRPS de Pelotas foi <strong>anunciada em 20 de dezembro de 2025<\/strong>, durante evento em Porto Alegre que contou com a presen\u00e7a do prefeito de Pelotas, Fernando Marroni, e do ministro da Sa\u00fade, Alexandre Padilha.<\/p>\n<p>O GHC \u00e9 uma <strong>rede p\u00fablica de hospitais e servi\u00e7os de sa\u00fade<\/strong> no Rio Grande do Sul vinculada ao Minist\u00e9rio da Sa\u00fade. O novo complexo, localizado na Avenida Bento Gon\u00e7alves, <strong>teve as obras iniciadas em 2021<\/strong>.\u00a0<\/p>\n<p>O investimento total <strong>ultrapassa R$ 70 milh\u00f5es<\/strong>, com recursos do programa Avan\u00e7ar RS, do governo do Estado, e da prefeitura de Pelotas. O hospital contar\u00e1 com <strong>121 leitos, sendo 10 de UTI adulto e 10 de UTI pedi\u00e1trica<\/strong>.<\/p>\n<p>Fique informado sobre o que acontece na regi\u00e3o sul do Estado! Siga <a href=\"https:\/\/www.instagram.com\/gzhzonasul\" title=\"https:\/\/www.instagram.com\/gzhzonasul\" rel=\"nofollow noopener\" target=\"_blank\"><strong>@gzhzonasul<\/strong><\/a> no Instagram e no Facebook, e inscreva-se no canal do WhatsApp para receber not\u00edcias em seu celular: <a href=\"https:\/\/gzh.rs\/canalgzhzs\" title=\"https:\/\/gzh.rs\/canalgzhzs\" rel=\"nofollow noopener\" target=\"_blank\"><strong>gzh.rs\/canalgzhzs<\/strong><\/a>.<\/p>\n<p><script async src=\"\/\/www.instagram.com\/embed.js\"><\/script><\/p>\n","protected":false},"excerpt":{"rendered":"Hospital contar\u00e1 com 121 leitos, incluindo UTIs adulto e pedi\u00e1trica; investimento supera R$ 70 milh\u00f5es.Divulga\u00e7\u00e3o \/ Prefeitura de&hellip;\n","protected":false},"author":2,"featured_media":222157,"comment_status":"","ping_status":"","sticky":false,"template":"","format":"standard","meta":{"footnotes":""},"categories":[86],"tags":[116,9273,32,33,117],"class_list":{"0":"post-222156","1":"post","2":"type-post","3":"status-publish","4":"format-standard","5":"has-post-thumbnail","7":"category-saude","8":"tag-health","9":"tag-pelotas","10":"tag-portugal","11":"tag-pt","12":"tag-saude"},"share_on_mastodon":{"url":"https:\/\/pubeurope.com\/@pt\/115865620536003954","error":""},"_links":{"self":[{"href":"https:\/\/www.europesays.com\/pt\/wp-json\/wp\/v2\/posts\/222156","targetHints":{"allow":["GET"]}}],"collection":[{"href":"https:\/\/www.europesays.com\/pt\/wp-json\/wp\/v2\/posts"}],"about":[{"href":"https:\/\/www.europesays.com\/pt\/wp-json\/wp\/v2\/types\/post"}],"author":[{"embeddable":true,"href":"https:\/\/www.europesays.com\/pt\/wp-json\/wp\/v2\/users\/2"}],"replies":[{"embeddable":true,"href":"https:\/\/www.europesays.com\/pt\/wp-json\/wp\/v2\/comments?post=222156"}],"version-history":[{"count":0,"href":"https:\/\/www.europesays.com\/pt\/wp-json\/wp\/v2\/posts\/222156\/revisions"}],"wp:featuredmedia":[{"embeddable":true,"href":"https:\/\/www.europesays.com\/pt\/wp-json\/wp\/v2\/media\/222157"}],"wp:attachment":[{"href":"https:\/\/www.europesays.com\/pt\/wp-json\/wp\/v2\/media?parent=222156"}],"wp:term":[{"taxonomy":"category","embeddable":true,"href":"https:\/\/www.europesays.com\/pt\/wp-json\/wp\/v2\/categories?post=222156"},{"taxonomy":"post_tag","embeddable":true,"href":"https:\/\/www.europesays.com\/pt\/wp-json\/wp\/v2\/tags?post=222156"}],"curies":[{"name":"wp","href":"https:\/\/api.w.org\/{rel}","templated":true}]}}