{"id":222167,"date":"2026-01-09T14:40:09","date_gmt":"2026-01-09T14:40:09","guid":{"rendered":"https:\/\/www.europesays.com\/pt\/222167\/"},"modified":"2026-01-09T14:40:09","modified_gmt":"2026-01-09T14:40:09","slug":"como-e-a-casa-em-que-vive-affair-com-marquezine-nos-eua","status":"publish","type":"post","link":"https:\/\/www.europesays.com\/pt\/222167\/","title":{"rendered":"como \u00e9 a casa em que vive affair com Marquezine nos EUA"},"content":{"rendered":"<p class=\"bullet mt-0\" data-v-232111b4=\"\">Shawn Mendes, 27, e Bruna Marquezine, 30, est\u00e3o vivendo seu romance em Los Angeles, nos Estados Unidos.<\/p>\n<p>O que aconteceu<\/p>\n<p class=\"bullet\" data-v-232111b4=\"\"><strong>Os dois foram flagrados em v\u00e1rios momentos \u00edntimos no Brasil. <\/strong>Agora, tamb\u00e9m repercutiram na imprensa internacional com um passeio feito nos EUA.<\/p>\n<p class=\"bullet\" data-v-232111b4=\"\"><strong>O cantor canadense tem uma casa luxuosa em Los Angeles, localizada em Beverly Grove, onde continua vivendo o affair com Marquezine.<\/strong> Ele <a href=\"https:\/\/www.uol.com.br\/splash\/noticias\/2022\/12\/05\/conheca-a-nova-casa-de-shawn-mendes-de-r-24-milhoes-com-mesmo-tom-de-cor.htm\" rel=\"nofollow noopener\" target=\"_blank\">comprou a propriedade por US$ 4,6 milh\u00f5es<\/a> (mais de R$ 24,7 milh\u00f5es na cota\u00e7\u00e3o atual) em 2022, ap\u00f3s terminar seu relacionamento com Camila Cabello.<\/p>\n","protected":false},"excerpt":{"rendered":"Shawn Mendes, 27, e Bruna Marquezine, 30, est\u00e3o vivendo seu romance em Los Angeles, nos Estados Unidos. O&hellip;\n","protected":false},"author":2,"featured_media":222168,"comment_status":"","ping_status":"","sticky":false,"template":"","format":"standard","meta":{"footnotes":""},"categories":[141],"tags":[114,115,149,150,32,33],"class_list":{"0":"post-222167","1":"post","2":"type-post","3":"status-publish","4":"format-standard","5":"has-post-thumbnail","7":"category-musica","8":"tag-entertainment","9":"tag-entretenimento","10":"tag-music","11":"tag-musica","12":"tag-portugal","13":"tag-pt"},"share_on_mastodon":{"url":"https:\/\/pubeurope.com\/@pt\/115865664045828981","error":""},"_links":{"self":[{"href":"https:\/\/www.europesays.com\/pt\/wp-json\/wp\/v2\/posts\/222167","targetHints":{"allow":["GET"]}}],"collection":[{"href":"https:\/\/www.europesays.com\/pt\/wp-json\/wp\/v2\/posts"}],"about":[{"href":"https:\/\/www.europesays.com\/pt\/wp-json\/wp\/v2\/types\/post"}],"author":[{"embeddable":true,"href":"https:\/\/www.europesays.com\/pt\/wp-json\/wp\/v2\/users\/2"}],"replies":[{"embeddable":true,"href":"https:\/\/www.europesays.com\/pt\/wp-json\/wp\/v2\/comments?post=222167"}],"version-history":[{"count":0,"href":"https:\/\/www.europesays.com\/pt\/wp-json\/wp\/v2\/posts\/222167\/revisions"}],"wp:featuredmedia":[{"embeddable":true,"href":"https:\/\/www.europesays.com\/pt\/wp-json\/wp\/v2\/media\/222168"}],"wp:attachment":[{"href":"https:\/\/www.europesays.com\/pt\/wp-json\/wp\/v2\/media?parent=222167"}],"wp:term":[{"taxonomy":"category","embeddable":true,"href":"https:\/\/www.europesays.com\/pt\/wp-json\/wp\/v2\/categories?post=222167"},{"taxonomy":"post_tag","embeddable":true,"href":"https:\/\/www.europesays.com\/pt\/wp-json\/wp\/v2\/tags?post=222167"}],"curies":[{"name":"wp","href":"https:\/\/api.w.org\/{rel}","templated":true}]}}