{"id":222171,"date":"2026-01-09T14:42:08","date_gmt":"2026-01-09T14:42:08","guid":{"rendered":"https:\/\/www.europesays.com\/pt\/222171\/"},"modified":"2026-01-09T14:42:08","modified_gmt":"2026-01-09T14:42:08","slug":"f-c-porto-apresenta-queixa-contra-frederico-varandas","status":"publish","type":"post","link":"https:\/\/www.europesays.com\/pt\/222171\/","title":{"rendered":"F. C. Porto apresenta queixa contra Frederico Varandas"},"content":{"rendered":"<p data-remotead-prev-elm=\"true\" data-remotead-elm-id=\"inread\">Nessas declara\u00e7\u00f5es na zona mista do Est\u00e1dio D. Afonso Henriques, Varandas disse frases como: &#8220;Durante d\u00e9cadas, a arbitragem n\u00e3o era independente, tinha um dono, F. C. Porto ou Benfica&#8221;; &#8220;Foram 40 anos de fruta, de escutas, de missas, de agentes a comprarem jogadores para perderem jogos&#8230;&#8221; e &#8220;N\u00e3o \u00e9 pen\u00e1lti sobre Hjulmand, mas n\u00e3o est\u00e3o preparados para ver erros a favor do Sporting&#8221;.<\/p>\n<p>O F. C. Porto mostrou-se descontente com a ina\u00e7\u00e3o do Conselho de Disciplina e da APAF perante as declara\u00e7\u00f5es do presidente do Sporting e decidiu avan\u00e7ar com uma queixa.<\/p>\n","protected":false},"excerpt":{"rendered":"Nessas declara\u00e7\u00f5es na zona mista do Est\u00e1dio D. Afonso Henriques, Varandas disse frases como: &#8220;Durante d\u00e9cadas, a arbitragem&hellip;\n","protected":false},"author":2,"featured_media":222172,"comment_status":"","ping_status":"","sticky":false,"template":"","format":"standard","meta":{"footnotes":""},"categories":[87],"tags":[135,20558,1664,524,32,33,22943,134],"class_list":{"0":"post-222171","1":"post","2":"type-post","3":"status-publish","4":"format-standard","5":"has-post-thumbnail","7":"category-desporto","8":"tag-desporto","9":"tag-f-c-porto","10":"tag-frederico-varandas","11":"tag-futebol","12":"tag-portugal","13":"tag-pt","14":"tag-sporting-c-p","15":"tag-sports"},"share_on_mastodon":{"url":"https:\/\/pubeurope.com\/@pt\/115865672083157198","error":""},"_links":{"self":[{"href":"https:\/\/www.europesays.com\/pt\/wp-json\/wp\/v2\/posts\/222171","targetHints":{"allow":["GET"]}}],"collection":[{"href":"https:\/\/www.europesays.com\/pt\/wp-json\/wp\/v2\/posts"}],"about":[{"href":"https:\/\/www.europesays.com\/pt\/wp-json\/wp\/v2\/types\/post"}],"author":[{"embeddable":true,"href":"https:\/\/www.europesays.com\/pt\/wp-json\/wp\/v2\/users\/2"}],"replies":[{"embeddable":true,"href":"https:\/\/www.europesays.com\/pt\/wp-json\/wp\/v2\/comments?post=222171"}],"version-history":[{"count":0,"href":"https:\/\/www.europesays.com\/pt\/wp-json\/wp\/v2\/posts\/222171\/revisions"}],"wp:featuredmedia":[{"embeddable":true,"href":"https:\/\/www.europesays.com\/pt\/wp-json\/wp\/v2\/media\/222172"}],"wp:attachment":[{"href":"https:\/\/www.europesays.com\/pt\/wp-json\/wp\/v2\/media?parent=222171"}],"wp:term":[{"taxonomy":"category","embeddable":true,"href":"https:\/\/www.europesays.com\/pt\/wp-json\/wp\/v2\/categories?post=222171"},{"taxonomy":"post_tag","embeddable":true,"href":"https:\/\/www.europesays.com\/pt\/wp-json\/wp\/v2\/tags?post=222171"}],"curies":[{"name":"wp","href":"https:\/\/api.w.org\/{rel}","templated":true}]}}