{"id":222180,"date":"2026-01-09T14:49:09","date_gmt":"2026-01-09T14:49:09","guid":{"rendered":"https:\/\/www.europesays.com\/pt\/222180\/"},"modified":"2026-01-09T14:49:09","modified_gmt":"2026-01-09T14:49:09","slug":"ex-candidato-a-presidencia-da-venezuela-enrique-marquez-entre-os-primeiros-opositores-libertados-cmjornal-pt-2","status":"publish","type":"post","link":"https:\/\/www.europesays.com\/pt\/222180\/","title":{"rendered":"Ex-candidato \u00e0 presid\u00eancia da Venezuela Enrique M\u00e1rquez entre os primeiros opositores libertados &#8211; cmjornal.pt"},"content":{"rendered":"<ol>\n<li><a href=\"https:\/\/news.google.com\/rss\/articles\/CBMi-AFBVV95cUxQcTc0U2tuSjY0QUZkNUp3MjZKR2tSRURlQlQwMDU3N1FnUVlFS25zcVl2aWZXRkF3Tm5GTmtldWQ2UWs1VXFNak1lOUNaaUhhYlpDU2J1b3g0NlNTYkxIaXpMendzXzQ0bFV0TWJLcGpXRWRLSDJPY1Bhd29vQUNhd3Y0V3l2dmFiZnpZZnV4SmpHeUduN0xzY3ZIZEVVN05XQU1qZHVPYk5sU1NmU2tLdFh0akNnUm53ek80OE91LTdRZkpwdTFvbGhVSzJUS3JIUU5ITjZjUEp5UlNmWjFTblBweDZJbEZlZEU4UVV3SnBXQklEZ2FndNIB8wFBVV95cUxPTzZnb1FHUVA4MTZ1MEd5M01ycFFGNlhXZ0VVYXBPQ2MxVThuRHI1OTNVdmIwaTFjSkZFbHRCVm1aMk1qZXBjZzYtNW15dUJVNnRFTWNMU1RpV0ppdmdEV3NoTmpQRnBzNFJlYWNvOUhQcmpJZGZYdDVodFpBZzJuOVB2dVBwTmxUQjIxVXVFUHlicTlRMklqdGszZVB5TWhCMHJXN2k5VXNjY1dHZV9Td3h4R19aMVpjM3FVYjVKdE9meG9QQzA1dGZEMy14NjVzLW1xWE12Y2RuZ1NOdnRXam9OWUpnb1ktOG5NNXdvaU9PdjA?oc=5\" target=\"_blank\" rel=\"nofollow noopener\">Ex-candidato \u00e0 presid\u00eancia da Venezuela Enrique M\u00e1rquez entre os primeiros opositores libertados<\/a>&nbsp;&nbsp;cmjornal.pt<\/li>\n<li><a href=\"https:\/\/news.google.com\/rss\/articles\/CBMi9wFBVV95cUxQR3pEeUlxdkExeWk3NTZpTUhCbThVdWR2WC1tVzgwSzh2OUJOVVdpdVBJVDEtbkZYa0F6UWQwSGZDM3p6WHFVSE1GYjkwNmY1aG54Uy1NNmh3WE03UGtHampUZm52X0Vja1VNNHhkZEdoRk1aYkNIUk9wSEZiTlZtNGduZ0htX0JJSGdjempmR3ozM09TV2l0RFFpLTZ6SnhNNTV6R1ZoUW1vU0lld0ZaVjFvdmpRcW1hUURRUFkzS3dEdjIySTVJdFNfQ2xacW9pOTN2c29kb3RCYW8wc0Q5bXRJNDZDdmFxSWxSdmtmeW1fSVNtQW1N0gGGAkFVX3lxTE5fN2RkRGk4Z2x5Qmc3VkNNbXdBV1I0YnliOHg1eHgtVVM5RnJTZTFaaGFVXzV5RnNpXzR4VjU2RTRyeEhkRlJYVVI5Vk1ld3lVbl83V2M5OWRtZFNNemotMlpqTGVDbTJCLUxMa3NXTHRjNTR1UDlUSjRGWlJYeFBaTTVsMWg3c19LQXhWeTZhQ3ZaSzM5dTZpOXN5d2pLVkY2QTE0X2dGbmNFRDhvM2MtakxSX0xzaTVlRHVoUTNZcW14Tmlsb0dFQ0lRV3FDd2lmX09ZOGMydE54dVFISUV2QWRxNnVLb243YW1pMEpvNGlxODVzVVMteEtyTExlazBaRVpvZGc?oc=5\" target=\"_blank\" rel=\"nofollow noopener\">Em regime reciclado sob a tutela dos EUA, Delcy Rodr\u00edguez envia sinais contradit\u00f3rios na Venezuela<\/a>&nbsp;&nbsp;G1<\/li>\n<li><a href=\"https:\/\/news.google.com\/rss\/articles\/CBMirwFBVV95cUxNUVAwMGhFSkNGZ3JKdjRaVGpEREdIU2w2NnRyWk9kNmxnTWxpMXU1NnlTVF9kc2Y3TVBLMzI2MmJzd2hzS2tGaFBhTlUtT3NKd18zel9sVTJlMDFrNXktc1JyOVNlZ0lncnluMGliMXZmMS1pUzVmcXdOanRhQ3FSSW5VTjlNV1JlUTFNTERBYlBaRjVhX2o3aTI2R2M4RWYxRldIU1RoQ2xWLU1vejkw?oc=5\" target=\"_blank\" rel=\"nofollow noopener\">Trump anuncia que petrol\u00edferas dos EUA investir\u00e3o US$ 100 bilh\u00f5es na Venezuela<\/a>&nbsp;&nbsp;VEJA<\/li>\n<li><a href=\"https:\/\/news.google.com\/rss\/articles\/CBMi3AFBVV95cUxOSGk3ZWkzRHppcXkyU2ZOUUVFbjI3d3U5a1dRdWpKRDhFZUNLYkE3ejJ0cjdyTWdfbTdnQ2s4SlFRM2Y5WlRicjFBMFdEc0lkMHJWZmZ6SUtmanVHbkRzSVo5YnVxcE14YTJ1RTdhclVhTVVNUllEdmhwRmx5MFNDVjBuLVdDTFdFYVIwdjQzdWJoR1VIeXNmZWJjNm03RmljUnN6RGV3WGQxWG43SWdYMWlvQUJVX3E5Z2RSc2hRT1BxdXZuc2N2TU9zYUtTTjlyS19INnBzVTdMZ1BT?oc=5\" target=\"_blank\" rel=\"nofollow noopener\">Trump diz ter cancelado 2\u00aa onda de ataques ap\u00f3s Venezuela soltar presos<\/a>&nbsp;&nbsp;UOL Not\u00edcias<\/li>\n<li><a href=\"https:\/\/news.google.com\/rss\/articles\/CBMipAFBVV95cUxQclRLYzAtSkNuVmZsNTlLNnBLQWNYa0VtdnY2clJ2UWkwXzVRNUZQR0E5eE5KelctbUxiMi14eHV6Z2c1ckFxQ3h1ZXhXekRrZUdCSWdYa2JPa1JLeDRlVmZ6VXZ0QWF5bjZYbmFYbWJ1bjFiR1ZKX1B3c1Q2NFg1NUFBclFFT1B6NDVzX1ZFdmU1MkhjemYzdUJjUDJxLTR1OG5MZg?oc=5\" target=\"_blank\" rel=\"nofollow noopener\">Saiba quem s\u00e3o os presos pol\u00edticos libertados na Venezuela<\/a>&nbsp;&nbsp;CNN Brasil<\/li>\n<\/ol>\n","protected":false},"excerpt":{"rendered":"Ex-candidato \u00e0 presid\u00eancia da Venezuela Enrique M\u00e1rquez entre os primeiros opositores libertados&nbsp;&nbsp;cmjornal.pt Em regime reciclado sob a tutela&hellip;\n","protected":false},"author":2,"featured_media":196976,"comment_status":"","ping_status":"","sticky":false,"template":"","format":"standard","meta":{"footnotes":""},"categories":[8],"tags":[27,28,15,16,14,25,26,21,22,12,13,19,20,32,23,24,33,17,18,29,30,31],"class_list":{"0":"post-222180","1":"post","2":"type-post","3":"status-publish","4":"format-standard","5":"has-post-thumbnail","7":"category-principais-noticias","8":"tag-breaking-news","9":"tag-breakingnews","10":"tag-featured-news","11":"tag-featurednews","12":"tag-headlines","13":"tag-latest-news","14":"tag-latestnews","15":"tag-main-news","16":"tag-mainnews","17":"tag-news","18":"tag-noticias","19":"tag-noticias-principais","20":"tag-noticiasprincipais","21":"tag-portugal","22":"tag-principais-noticias","23":"tag-principaisnoticias","24":"tag-pt","25":"tag-top-stories","26":"tag-topstories","27":"tag-ultimas","28":"tag-ultimas-noticias","29":"tag-ultimasnoticias"},"share_on_mastodon":{"url":"https:\/\/pubeurope.com\/@pt\/115865699385903444","error":""},"_links":{"self":[{"href":"https:\/\/www.europesays.com\/pt\/wp-json\/wp\/v2\/posts\/222180","targetHints":{"allow":["GET"]}}],"collection":[{"href":"https:\/\/www.europesays.com\/pt\/wp-json\/wp\/v2\/posts"}],"about":[{"href":"https:\/\/www.europesays.com\/pt\/wp-json\/wp\/v2\/types\/post"}],"author":[{"embeddable":true,"href":"https:\/\/www.europesays.com\/pt\/wp-json\/wp\/v2\/users\/2"}],"replies":[{"embeddable":true,"href":"https:\/\/www.europesays.com\/pt\/wp-json\/wp\/v2\/comments?post=222180"}],"version-history":[{"count":0,"href":"https:\/\/www.europesays.com\/pt\/wp-json\/wp\/v2\/posts\/222180\/revisions"}],"wp:featuredmedia":[{"embeddable":true,"href":"https:\/\/www.europesays.com\/pt\/wp-json\/wp\/v2\/media\/196976"}],"wp:attachment":[{"href":"https:\/\/www.europesays.com\/pt\/wp-json\/wp\/v2\/media?parent=222180"}],"wp:term":[{"taxonomy":"category","embeddable":true,"href":"https:\/\/www.europesays.com\/pt\/wp-json\/wp\/v2\/categories?post=222180"},{"taxonomy":"post_tag","embeddable":true,"href":"https:\/\/www.europesays.com\/pt\/wp-json\/wp\/v2\/tags?post=222180"}],"curies":[{"name":"wp","href":"https:\/\/api.w.org\/{rel}","templated":true}]}}