{"id":222183,"date":"2026-01-09T14:53:11","date_gmt":"2026-01-09T14:53:11","guid":{"rendered":"https:\/\/www.europesays.com\/pt\/222183\/"},"modified":"2026-01-09T14:53:11","modified_gmt":"2026-01-09T14:53:11","slug":"ben-hur-as-sete-marias-amor-em-ruinas-e-a-ira-do-herdeiro-r7-entretenimento","status":"publish","type":"post","link":"https:\/\/www.europesays.com\/pt\/222183\/","title":{"rendered":"Ben-Hur, As Sete Marias, Amor em Ru\u00ednas e A Ira do Herdeiro \u2013 R7 Entretenimento"},"content":{"rendered":"<p><img decoding=\"async\" data-chromatic=\"ignore\" alt=\"\" class=\"c-image\" loading=\"lazy\" src=\"https:\/\/www.europesays.com\/pt\/wp-content\/uploads\/2026\/01\/NTZ72KP4WFAA5G4QVN7J3LJJ3M.png\"  width=\"1276\" height=\"719\"\/>Vin\u00edcius Redd \u00e9 Jud\u00e1, o protagonista de Ben-Hur Reprodu\u00e7\u00e3o\/Instagram <\/p>\n<p class=\"jarvics:base-text-neutral-high-400 base-text-[calc(theme(fontSize.xs)_*_var(--font-size,_1))] base-font-normal base-font-primary base-text-neutral-low-500 base-text-left\">O Complexo de Dramaturgia da <a href=\"https:\/\/seriella.com\/producoes.php?i=pt\" target=\"_self\" rel=\"nofollow noopener\" title=\"https:\/\/seriella.com\/producoes.php?i=pt\"><b>Seriella Productions<\/b><\/a>, no Rio de Janeiro, um dos maiores do Brasil, \u00e9 um lugar onde a tecnologia, talento e prop\u00f3sito se encontram.<\/p>\n<p class=\"jarvics:base-text-neutral-high-400 base-text-[calc(theme(fontSize.xs)_*_var(--font-size,_1))] base-font-normal base-font-primary base-text-neutral-low-500 base-text-left\">S\u00e3o 260 mil metros quadrados, equivalente a 36 campos de futebol, 7 est\u00fadios de mil e 200 metros cada e mais de 18 cidades cenogr\u00e1ficas constru\u00eddas. <\/p>\n<p class=\"jarvics:base-text-neutral-high-400 base-text-[calc(theme(fontSize.xs)_*_var(--font-size,_1))] base-font-normal base-font-primary base-text-neutral-low-500 base-text-left\">Os atores Ricky Tavares, Vin\u00edcius Redd, Murilo Cezar, Camila Rodrigues, Nathalia Florentino, R\u00f4mulo Weber, Caio Vegatti, Allana Lopes, P\u00e2mela Tom\u00e9, Let\u00edcia Laranja e Ingrid Conte conduziram um v\u00eddeo para l\u00e1 de especial e relembraram os sucessos de 2025.<\/p>\n<p class=\"jarvics:base-text-neutral-high-400 base-text-[calc(theme(fontSize.xs)_*_var(--font-size,_1))] base-font-normal base-font-primary base-text-neutral-low-500 base-text-left\">Foram cinco grandes produ\u00e7\u00f5es em 2025: <a href=\"https:\/\/record.r7.com\/paulo-o-apostolo\/\" target=\"_self\" rel=\"nofollow noopener\" title=\"https:\/\/record.r7.com\/paulo-o-apostolo\/\"><b>Paulo, O Ap\u00f3stolo<\/b><\/a>, <a href=\"https:\/\/record.r7.com\/a-vida-de-jo\/\" target=\"_self\" rel=\"nofollow noopener\" title=\"https:\/\/record.r7.com\/a-vida-de-jo\/\"><b>A Vida de J\u00f3<\/b><\/a>, <a href=\"https:\/\/record.r7.com\/o-senhor-e-a-serva\/\" target=\"_self\" rel=\"nofollow noopener\" title=\"https:\/\/record.r7.com\/o-senhor-e-a-serva\/\"><b>O Senhor e a Serva<\/b><\/a>, At\u00e9 Onde Ele Vai e <a href=\"https:\/\/record.r7.com\/reis\/\" target=\"_self\" rel=\"nofollow noopener\" title=\"https:\/\/record.r7.com\/reis\/\"><b>Reis<\/b><\/a>. <\/p>\n<p class=\"jarvics:base-text-neutral-high-400 base-text-[calc(theme(fontSize.xs)_*_var(--font-size,_1))] base-font-normal base-font-primary base-text-neutral-low-500 base-text-left\">Neste ano, a <b>Seriella Productions <\/b>promete elevar o patamar das grandes produ\u00e7\u00f5es com novos projetos: <a href=\"https:\/\/entretenimento.r7.com\/famosos-e-tv\/ben-hur\/\" target=\"_self\" rel=\"nofollow noopener\" title=\"https:\/\/entretenimento.r7.com\/famosos-e-tv\/ben-hur\/\"><b>Ben-Hur<\/b><\/a>, <a href=\"https:\/\/entretenimento.r7.com\/famosos-e-tv\/as-sete-marias\/\" target=\"_self\" rel=\"nofollow noopener\" title=\"https:\/\/entretenimento.r7.com\/famosos-e-tv\/as-sete-marias\/\"><b>As Sete Marias<\/b><\/a>, <a href=\"https:\/\/entretenimento.r7.com\/famosos-e-tv\/amor-em-ruinas-sergio-marone-leticia-laranja-e-murilo-cezar-sao-os-protagonistas-da-nova-serie-12122025\/\" target=\"_self\" rel=\"nofollow noopener\" title=\"https:\/\/entretenimento.r7.com\/famosos-e-tv\/amor-em-ruinas-sergio-marone-leticia-laranja-e-murilo-cezar-sao-os-protagonistas-da-nova-serie-12122025\/\"><b>Amor em Ru\u00ednas<\/b><\/a> e A Ira do Herdeiro. <\/p>\n<p class=\"jarvics:base-text-neutral-high-400 base-text-[calc(theme(fontSize.xs)_*_var(--font-size,_1))] base-font-normal base-font-primary base-text-neutral-low-500 base-text-left\">E para completar, a autora dos projetos, Cristiane Cardoso, afirmou: \u201cLevando a Palavra de Deus atrav\u00e9s do audiovisual \u2014 sem ego, sem vaidade, sem ambi\u00e7\u00e3o. Apenas servindo \u00c0quele que nos chamou. Que privil\u00e9gio poder assistir a B\u00edblia ganhar vida na TV&#8221;. <\/p>\n<p class=\"jarvics:base-text-neutral-high-400 base-text-[calc(theme(fontSize.xs)_*_var(--font-size,_1))] base-font-normal base-font-primary base-text-neutral-low-500 base-text-left\"><b>Saiba mais:<\/b><\/p>\n","protected":false},"excerpt":{"rendered":"Vin\u00edcius Redd \u00e9 Jud\u00e1, o protagonista de Ben-Hur Reprodu\u00e7\u00e3o\/Instagram O Complexo de Dramaturgia da Seriella Productions, no Rio&hellip;\n","protected":false},"author":2,"featured_media":222184,"comment_status":"","ping_status":"","sticky":false,"template":"","format":"standard","meta":{"footnotes":""},"categories":[142],"tags":[18053,37733,114,115,2931,18058,12326,32,33,18357,151],"class_list":{"0":"post-222183","1":"post","2":"type-post","3":"status-publish","4":"format-standard","5":"has-post-thumbnail","7":"category-tv","8":"tag-a-vida-de-jo","9":"tag-ben-hur","10":"tag-entertainment","11":"tag-entretenimento","12":"tag-novela","13":"tag-o-senhor-e-a-serva","14":"tag-paulo-o-apostolo","15":"tag-portugal","16":"tag-pt","17":"tag-reis","18":"tag-tv"},"share_on_mastodon":{"url":"https:\/\/pubeurope.com\/@pt\/115865715054848213","error":""},"_links":{"self":[{"href":"https:\/\/www.europesays.com\/pt\/wp-json\/wp\/v2\/posts\/222183","targetHints":{"allow":["GET"]}}],"collection":[{"href":"https:\/\/www.europesays.com\/pt\/wp-json\/wp\/v2\/posts"}],"about":[{"href":"https:\/\/www.europesays.com\/pt\/wp-json\/wp\/v2\/types\/post"}],"author":[{"embeddable":true,"href":"https:\/\/www.europesays.com\/pt\/wp-json\/wp\/v2\/users\/2"}],"replies":[{"embeddable":true,"href":"https:\/\/www.europesays.com\/pt\/wp-json\/wp\/v2\/comments?post=222183"}],"version-history":[{"count":0,"href":"https:\/\/www.europesays.com\/pt\/wp-json\/wp\/v2\/posts\/222183\/revisions"}],"wp:featuredmedia":[{"embeddable":true,"href":"https:\/\/www.europesays.com\/pt\/wp-json\/wp\/v2\/media\/222184"}],"wp:attachment":[{"href":"https:\/\/www.europesays.com\/pt\/wp-json\/wp\/v2\/media?parent=222183"}],"wp:term":[{"taxonomy":"category","embeddable":true,"href":"https:\/\/www.europesays.com\/pt\/wp-json\/wp\/v2\/categories?post=222183"},{"taxonomy":"post_tag","embeddable":true,"href":"https:\/\/www.europesays.com\/pt\/wp-json\/wp\/v2\/tags?post=222183"}],"curies":[{"name":"wp","href":"https:\/\/api.w.org\/{rel}","templated":true}]}}