{"id":222187,"date":"2026-01-09T14:55:10","date_gmt":"2026-01-09T14:55:10","guid":{"rendered":"https:\/\/www.europesays.com\/pt\/222187\/"},"modified":"2026-01-09T14:55:10","modified_gmt":"2026-01-09T14:55:10","slug":"tom-hiddleston-relembra-como-descobriu-que-voltaria-como-loki-em-vingadores-doutor-destino","status":"publish","type":"post","link":"https:\/\/www.europesays.com\/pt\/222187\/","title":{"rendered":"Tom Hiddleston relembra como descobriu que voltaria como Loki em Vingadores: Doutor Destino"},"content":{"rendered":"<p class=\"wp-block-yoast-seo-estimated-reading-time yoast-reading-time__wrapper\">Estimated reading time: 2 minutos<\/p>\n<p>Animado para reprisar o antigo Deus da Trapa\u00e7a no MCU, <a href=\"https:\/\/ovicio.com.br\/tag\/tom-hiddleston\" target=\"_blank\" rel=\"noreferrer noopener nofollow\">Tom Hiddleston<\/a> revela como descobriu que reprisaria<strong> Loki<\/strong> em <a href=\"https:\/\/ovicio.com.br\/tag\/vingadores-doutor-destino\" target=\"_blank\" rel=\"noreferrer noopener nofollow\">Vingadores: Doutor Destino (2026)<\/a>, ap\u00f3s deduzir que j\u00e1 tinha chegado ao fim com o personagem.<\/p>\n<p>Em entrevista com Josh Horowitz, do podcast Happy Sad Confused, o astro revela que antes de seu nome surgir na s\u00e9rie de an\u00fancios do elenco do filme, recebeu uma liga\u00e7\u00e3o especial.<\/p>\n<p><strong>&#8220;Recebi uma liga\u00e7\u00e3o de Kevin Feige e Loius D&#8217;Esposito. Muito emocionante. Eles me ligaram, me fizeram uma pergunta e eu disse: &#8216;Sim&#8217;. E citei o fato de Robert Downey Jr. estar no filme como Doutor Destino.&#8221;<\/strong><\/p>\n<p>Questionado sobre a performance do antigo int\u00e9rprete do <a href=\"https:\/\/ovicio.com.br\/filme\/homem-de-ferro\" target=\"_blank\" rel=\"noreferrer noopener nofollow\">Homem de Ferro<\/a> como o novo vil\u00e3o do DCU, <strong>Hiddleston<\/strong> desviou da pergunta, dizendo: <strong>&#8220;Desculpe, n\u00e3o consigo ouvir seu microfone.&#8221;<\/strong><\/p>\n<p>Ainda n\u00e3o h\u00e1 maiores detalhes sobre a participa\u00e7\u00e3o de <a href=\"https:\/\/ovicio.com.br\/serie\/loki\" target=\"_blank\" rel=\"noreferrer noopener nofollow\">Loki<\/a> na trama de <strong>Vingadores: Doutor Destino<\/strong>, e espera-se que o personagem se reencontre com seu irm\u00e3o, <strong>Thor<\/strong> (Chris Hemsworth).<\/p>\n<p>Atualmente em p\u00f3s-produ\u00e7\u00e3o, o filme chegar\u00e1 aos cinemas em <strong>18 de dezembro deste ano<\/strong>, contando com dire\u00e7\u00e3o dos <strong>Irm\u00e3os Russo.<\/strong><\/p>\n<p>Leia mais sobre Loki e Vingadores:<\/p>\n<p><strong>Fonte:<\/strong> <a href=\"https:\/\/comicbookmovie.com\/avengers\/avengers-doomsday\/avengers-doomsday-star-tom-hiddleston-talks-movies-unique-approach-to-filming-doctor-doom-and-more-a225870\" target=\"_blank\" rel=\"noreferrer noopener nofollow\">Comic Book Movie<\/a>.<\/p>\n","protected":false},"excerpt":{"rendered":"Estimated reading time: 2 minutos Animado para reprisar o antigo Deus da Trapa\u00e7a no MCU, Tom Hiddleston revela&hellip;\n","protected":false},"author":2,"featured_media":222188,"comment_status":"","ping_status":"","sticky":false,"template":"","format":"standard","meta":{"footnotes":""},"categories":[140],"tags":[114,115,147,148,10585,12733,146,32,33,13309,38893],"class_list":{"0":"post-222187","1":"post","2":"type-post","3":"status-publish","4":"format-standard","5":"has-post-thumbnail","7":"category-filmes","8":"tag-entertainment","9":"tag-entretenimento","10":"tag-film","11":"tag-filmes","12":"tag-loki","13":"tag-marvel-studios","14":"tag-movies","15":"tag-portugal","16":"tag-pt","17":"tag-tom-hiddleston","18":"tag-vingadores-doutor-destino"},"share_on_mastodon":{"url":"https:\/\/pubeurope.com\/@pt\/115865722922343640","error":""},"_links":{"self":[{"href":"https:\/\/www.europesays.com\/pt\/wp-json\/wp\/v2\/posts\/222187","targetHints":{"allow":["GET"]}}],"collection":[{"href":"https:\/\/www.europesays.com\/pt\/wp-json\/wp\/v2\/posts"}],"about":[{"href":"https:\/\/www.europesays.com\/pt\/wp-json\/wp\/v2\/types\/post"}],"author":[{"embeddable":true,"href":"https:\/\/www.europesays.com\/pt\/wp-json\/wp\/v2\/users\/2"}],"replies":[{"embeddable":true,"href":"https:\/\/www.europesays.com\/pt\/wp-json\/wp\/v2\/comments?post=222187"}],"version-history":[{"count":0,"href":"https:\/\/www.europesays.com\/pt\/wp-json\/wp\/v2\/posts\/222187\/revisions"}],"wp:featuredmedia":[{"embeddable":true,"href":"https:\/\/www.europesays.com\/pt\/wp-json\/wp\/v2\/media\/222188"}],"wp:attachment":[{"href":"https:\/\/www.europesays.com\/pt\/wp-json\/wp\/v2\/media?parent=222187"}],"wp:term":[{"taxonomy":"category","embeddable":true,"href":"https:\/\/www.europesays.com\/pt\/wp-json\/wp\/v2\/categories?post=222187"},{"taxonomy":"post_tag","embeddable":true,"href":"https:\/\/www.europesays.com\/pt\/wp-json\/wp\/v2\/tags?post=222187"}],"curies":[{"name":"wp","href":"https:\/\/api.w.org\/{rel}","templated":true}]}}