{"id":222193,"date":"2026-01-09T15:01:09","date_gmt":"2026-01-09T15:01:09","guid":{"rendered":"https:\/\/www.europesays.com\/pt\/222193\/"},"modified":"2026-01-09T15:01:09","modified_gmt":"2026-01-09T15:01:09","slug":"cientistas-explicam-o-extraordinario-fenomeno","status":"publish","type":"post","link":"https:\/\/www.europesays.com\/pt\/222193\/","title":{"rendered":"Cientistas explicam o extraordin\u00e1rio fen\u00f3meno"},"content":{"rendered":"<p>&#13;<br \/>\nO fen\u00f3meno foi documentado em pormenor por hidrobi\u00f3logos da Academia das Ci\u00eancias da Ch\u00e9quia.&#13;\n<\/p>\n<p>\nA <b>an\u00e1lise microsc\u00f3pica das amostras confirmou que se trata de uma cianobact\u00e9ria comum chamada Woronichinia naegeliana<\/b>. Tamb\u00e9m aparece em Lipno durante o ver\u00e3o e o outono. <b>A principal causa do crescimento de cianobact\u00e9rias \u00e9 o excesso de nutrientes na \u00e1gua, especialmente o f\u00f3sforo, o que resulta em grande medida da atividade humana<\/b>.<\/p>\n<p><img decoding=\"async\" src=\"https:\/\/www.europesays.com\/pt\/wp-content\/uploads\/2026\/01\/0d1d32cc3f7d6282b0bfe4d48960bfe0.jpeg\"\/><\/p>\n<p>&#13;<br \/>\nAV CR \/ Petr Znachor&#13;\n<\/p>\n<p>&#13;<br \/>\nEnquanto na maioria das barragens da Ch\u00e9quia as floresc\u00eancias de cianobact\u00e9rias desaparecem gradualmente com a chegada do outono e desvanecem-se no final de setembro, Lipno \u00e9 uma exce\u00e7\u00e3o.\u00a0Os dados a longo prazo mostram que as cianobact\u00e9rias predominantes at\u00e9 novembro e podem tamb\u00e9m ocorrer em menor n\u00famero durante dezembro e janeiro.&#13;\n<\/p>\n<p>&#13;<br \/>\nGelo verde&#13;\n<\/p>\n<p>&#13;<br \/>\nNo final de 2025, a biomassa de cianobact\u00e9rias manteve-se perto da superf\u00edcie durante um per\u00edodo invulgarmente longo, desde o outono at\u00e9 ao congelamento da albufeira no inverno, provavelmente devido a uma combina\u00e7\u00e3o de tempo calmo, ventos fracos e uma longa dura\u00e7\u00e3o de sol. <b>Sob a fina camada de gelo, por vezes muito transparente, as cianobact\u00e9rias acumuladas formaram \u00e1reas verdes que se destacam, vis\u00edveis a partir da costa e de fotografias a\u00e9reas.&#13;<br \/>\n<\/b>&#13;\n<\/p>\n<p><img decoding=\"async\" src=\"https:\/\/www.europesays.com\/pt\/wp-content\/uploads\/2026\/01\/fa7106d3853f90f5530d328a598640a8.jpeg\"\/><\/p>\n<p>&#13;<br \/>\nAV CR \/ Petr Znachor<br \/>&#13;\n<\/p>\n<p>&#13;<br \/>\nO gelo verde foi mais vis\u00edvel durante o per\u00edodo de aquecimento tempor\u00e1rio em torno da v\u00e9spera de Natal e, ap\u00f3s o recongelamento, os chamados &#8220;olhos de cianobact\u00e9rias&#8221; foram uma carater\u00edstica particularmente proeminente, ou seja, \u00e1reas de gelo claro acima de aglomerados de cianobact\u00e9rias escuras que se formaram por absor\u00e7\u00e3o diferencial da radia\u00e7\u00e3o solar.\u00a0&#13;\n<\/p>\n<p>&#13;<br \/>\nO fen\u00f3meno persistiu at\u00e9 ao final do ano e s\u00f3 terminou ap\u00f3s uma forte queda de neve, que limitou a luz sob o gelo.&#13;\n<\/p>\n<p>\n&#8220;O <b>gelo verde em Lipno enquadra-se nas altera\u00e7\u00f5es a longo prazo que estamos a observar aqui, relacionadas com a eutrofiza\u00e7\u00e3o e as altera\u00e7\u00f5es clim\u00e1ticas<\/b> em curso. <b>Isto sugere que poderemos ver mais e mais surpresas como esta no futuro&#8221;<\/b>, diz o hidrobi\u00f3logo Petr Znachor.<\/p>\n<p><img decoding=\"async\" src=\"https:\/\/www.europesays.com\/pt\/wp-content\/uploads\/2026\/01\/49a5e836e7df19cbed3f0c63791d24cf.jpeg\"\/><\/p>\n<p>&#13;<br \/>\n<b>&#13;<br \/>\nAt\u00e9 agora, este fen\u00f3meno s\u00f3 tinha sido descrito algumas vezes, pelo que a an\u00e1lise intensiva dos cientistas checos significa que o gelo verde de Leiden se tornar\u00e1 um dos casos mais bem descritos do mundo.\u00a0&#13;<br \/>\n<\/b>&#13;\n<\/p>\n<p>&#13;<br \/>\nDe acordo com os especialistas, a situa\u00e7\u00e3o confirma que a barragem de Lipno tem sido sobrecarregada por um excesso de nutrientes na \u00e1gua, mas tamb\u00e9m \u00e9 afetada pelo aquecimento do clima e as mudan\u00e7as no seu ecossistema est\u00e3o a ocorrer fora da \u00e9poca tradicional de ver\u00e3o.&#13;\n<\/p>\n<p>Tom\u00e1\u0161 Karl\u00edk \/ 8 janeiro 2026 10:05 GMT<\/p>\n<p>Edi\u00e7\u00e3o e Tradu\u00e7\u00e3o \/ Joana B\u00e9nard da Costa &#8211; RTP<br \/>&#13;<\/p>\n","protected":false},"excerpt":{"rendered":"&#13; O fen\u00f3meno foi documentado em pormenor por hidrobi\u00f3logos da Academia das Ci\u00eancias da Ch\u00e9quia.&#13; A an\u00e1lise microsc\u00f3pica&hellip;\n","protected":false},"author":2,"featured_media":222194,"comment_status":"","ping_status":"","sticky":false,"template":"","format":"standard","meta":{"footnotes":""},"categories":[50],"tags":[2335,27,28,11533,42891,15,16,42890,14,42892,25,26,21,22,62,12,13,19,20,23,24,17,18,29,30,31,63,64,65],"class_list":{"0":"post-222193","1":"post","2":"type-post","3":"status-publish","4":"format-standard","5":"has-post-thumbnail","7":"category-mundo","8":"tag-alteracoes-climaticas","9":"tag-breaking-news","10":"tag-breakingnews","11":"tag-chequia","12":"tag-cianobacterias","13":"tag-featured-news","14":"tag-featurednews","15":"tag-gelo-verde","16":"tag-headlines","17":"tag-hidrobiologia","18":"tag-latest-news","19":"tag-latestnews","20":"tag-main-news","21":"tag-mainnews","22":"tag-mundo","23":"tag-news","24":"tag-noticias","25":"tag-noticias-principais","26":"tag-noticiasprincipais","27":"tag-principais-noticias","28":"tag-principaisnoticias","29":"tag-top-stories","30":"tag-topstories","31":"tag-ultimas","32":"tag-ultimas-noticias","33":"tag-ultimasnoticias","34":"tag-world","35":"tag-world-news","36":"tag-worldnews"},"share_on_mastodon":{"url":"https:\/\/pubeurope.com\/@pt\/115865746429730104","error":""},"_links":{"self":[{"href":"https:\/\/www.europesays.com\/pt\/wp-json\/wp\/v2\/posts\/222193","targetHints":{"allow":["GET"]}}],"collection":[{"href":"https:\/\/www.europesays.com\/pt\/wp-json\/wp\/v2\/posts"}],"about":[{"href":"https:\/\/www.europesays.com\/pt\/wp-json\/wp\/v2\/types\/post"}],"author":[{"embeddable":true,"href":"https:\/\/www.europesays.com\/pt\/wp-json\/wp\/v2\/users\/2"}],"replies":[{"embeddable":true,"href":"https:\/\/www.europesays.com\/pt\/wp-json\/wp\/v2\/comments?post=222193"}],"version-history":[{"count":0,"href":"https:\/\/www.europesays.com\/pt\/wp-json\/wp\/v2\/posts\/222193\/revisions"}],"wp:featuredmedia":[{"embeddable":true,"href":"https:\/\/www.europesays.com\/pt\/wp-json\/wp\/v2\/media\/222194"}],"wp:attachment":[{"href":"https:\/\/www.europesays.com\/pt\/wp-json\/wp\/v2\/media?parent=222193"}],"wp:term":[{"taxonomy":"category","embeddable":true,"href":"https:\/\/www.europesays.com\/pt\/wp-json\/wp\/v2\/categories?post=222193"},{"taxonomy":"post_tag","embeddable":true,"href":"https:\/\/www.europesays.com\/pt\/wp-json\/wp\/v2\/tags?post=222193"}],"curies":[{"name":"wp","href":"https:\/\/api.w.org\/{rel}","templated":true}]}}