{"id":222195,"date":"2026-01-09T15:02:07","date_gmt":"2026-01-09T15:02:07","guid":{"rendered":"https:\/\/www.europesays.com\/pt\/222195\/"},"modified":"2026-01-09T15:02:07","modified_gmt":"2026-01-09T15:02:07","slug":"pj-realiza-buscas-na-camara-de-aveiro-por-suspeitas-de-prevaricacao-e-violacao-urbanistica","status":"publish","type":"post","link":"https:\/\/www.europesays.com\/pt\/222195\/","title":{"rendered":"PJ realiza buscas na C\u00e2mara de Aveiro por suspeitas de prevarica\u00e7\u00e3o e viola\u00e7\u00e3o urban\u00edstica"},"content":{"rendered":"<p>&#13;<br \/>\nA Pol\u00edcia Judici\u00e1ria, atrav\u00e9s da Diretoria do Centro, \u201crealizou hoje uma opera\u00e7\u00e3o policial destinada ao cumprimento de mandados de busca na C\u00e2mara Municipal de Aveiro, no \u00e2mbito da eventual pr\u00e1tica de crimes de prevarica\u00e7\u00e3o e viola\u00e7\u00e3o de regras urban\u00edsticas\u201d, l\u00ea-se em comunicado.&#13;\n<\/p>\n<p><b>\u201cEst\u00e3o em causa decis\u00f5es e procedimentos adotados em altera\u00e7\u00f5es de instrumentos de ordenamento do territ\u00f3rio\u201d<\/b>, adianta a Judici\u00e1ria.<\/p>\n<p>As buscas tiveram como objetivo a recolha de \u201cdiversos elementos probat\u00f3rios relevantes para o esclarecimento dos factos sob investiga\u00e7\u00e3o\u201d.<\/p>\n<p>A Pol\u00edcia Judici\u00e1ria ir\u00e1 agora prosseguir a investiga\u00e7\u00e3o, \u201cprocedendo \u00e0 an\u00e1lise da <b>prova entretanto recolhida, de natureza documental e digital<\/b>, com vista ao apuramento integral das eventuais condutas criminosas, do seu alcance e \u00e0 c\u00e9lere conclus\u00e3o do inqu\u00e9rito\u201d.<\/p>\n<p>O inqu\u00e9rito \u00e9 tutelado pelo DIAP Regional do Porto.<\/p>\n","protected":false},"excerpt":{"rendered":"&#13; A Pol\u00edcia Judici\u00e1ria, atrav\u00e9s da Diretoria do Centro, \u201crealizou hoje uma opera\u00e7\u00e3o policial destinada ao cumprimento de&hellip;\n","protected":false},"author":2,"featured_media":222196,"comment_status":"","ping_status":"","sticky":false,"template":"","format":"standard","meta":{"footnotes":""},"categories":[10],"tags":[1563,27,28,6031,15,16,14,25,26,21,22,12,13,19,20,4107,32,23,24,33,17,18,29,30,31],"class_list":{"0":"post-222195","1":"post","2":"type-post","3":"status-publish","4":"format-standard","5":"has-post-thumbnail","7":"category-portugal","8":"tag-aveiro","9":"tag-breaking-news","10":"tag-breakingnews","11":"tag-buscas","12":"tag-featured-news","13":"tag-featurednews","14":"tag-headlines","15":"tag-latest-news","16":"tag-latestnews","17":"tag-main-news","18":"tag-mainnews","19":"tag-news","20":"tag-noticias","21":"tag-noticias-principais","22":"tag-noticiasprincipais","23":"tag-pj","24":"tag-portugal","25":"tag-principais-noticias","26":"tag-principaisnoticias","27":"tag-pt","28":"tag-top-stories","29":"tag-topstories","30":"tag-ultimas","31":"tag-ultimas-noticias","32":"tag-ultimasnoticias"},"share_on_mastodon":{"url":"https:\/\/pubeurope.com\/@pt\/115865750339539792","error":""},"_links":{"self":[{"href":"https:\/\/www.europesays.com\/pt\/wp-json\/wp\/v2\/posts\/222195","targetHints":{"allow":["GET"]}}],"collection":[{"href":"https:\/\/www.europesays.com\/pt\/wp-json\/wp\/v2\/posts"}],"about":[{"href":"https:\/\/www.europesays.com\/pt\/wp-json\/wp\/v2\/types\/post"}],"author":[{"embeddable":true,"href":"https:\/\/www.europesays.com\/pt\/wp-json\/wp\/v2\/users\/2"}],"replies":[{"embeddable":true,"href":"https:\/\/www.europesays.com\/pt\/wp-json\/wp\/v2\/comments?post=222195"}],"version-history":[{"count":0,"href":"https:\/\/www.europesays.com\/pt\/wp-json\/wp\/v2\/posts\/222195\/revisions"}],"wp:featuredmedia":[{"embeddable":true,"href":"https:\/\/www.europesays.com\/pt\/wp-json\/wp\/v2\/media\/222196"}],"wp:attachment":[{"href":"https:\/\/www.europesays.com\/pt\/wp-json\/wp\/v2\/media?parent=222195"}],"wp:term":[{"taxonomy":"category","embeddable":true,"href":"https:\/\/www.europesays.com\/pt\/wp-json\/wp\/v2\/categories?post=222195"},{"taxonomy":"post_tag","embeddable":true,"href":"https:\/\/www.europesays.com\/pt\/wp-json\/wp\/v2\/tags?post=222195"}],"curies":[{"name":"wp","href":"https:\/\/api.w.org\/{rel}","templated":true}]}}