{"id":222197,"date":"2026-01-09T15:03:10","date_gmt":"2026-01-09T15:03:10","guid":{"rendered":"https:\/\/www.europesays.com\/pt\/222197\/"},"modified":"2026-01-09T15:03:10","modified_gmt":"2026-01-09T15:03:10","slug":"pacote-de-habitacao-aprovado-na-generalidade-por-psd-cds-e-il-e-abstencao-do-chega","status":"publish","type":"post","link":"https:\/\/www.europesays.com\/pt\/222197\/","title":{"rendered":"Pacote de habita\u00e7\u00e3o aprovado na generalidade por PSD, CDS e IL (e absten\u00e7\u00e3o do Chega)"},"content":{"rendered":"<p class=\"category\"><a href=\"https:\/\/sicnoticias.pt\/economia\/habitacao\" rel=\"nofollow noopener\" target=\"_blank\">Habita\u00e7\u00e3o<\/a><\/p>\n<p class=\"status breakingnews\">\u00daltima hora<\/p>\n<p class=\"g-article-lead lead\" data-field=\"lead\">As propostas de lei do pacote de habita\u00e7\u00e3o do Governo foram aprovadas hoje na generalidade no parlamento com os votos favor\u00e1veis do PSD, CDS-PP e IL, e com a absten\u00e7\u00e3o do Chega.<\/p>\n<p><img decoding=\"async\" src=\"https:\/\/www.europesays.com\/pt\/wp-content\/uploads\/2026\/01\/1767970990_639_original.webp\" alt=\"Pacote de habita\u00e7\u00e3o aprovado na generalidade por PSD, CDS e IL (e absten\u00e7\u00e3o do Chega)\"\/><\/p>\n<p>fhm\/GettyImages<\/p>\n<p><strong>Em causa est\u00e3o duas propostas com autoriza\u00e7\u00f5es legislativas, uma com medidas de desagravamento fiscal para incentivar o arrendamento e a constru\u00e7\u00e3o a pre\u00e7os moderados, e outra com altera\u00e7\u00f5es ao licenciamento, urbaniza\u00e7\u00e3o e reabilita\u00e7\u00e3o urbana.<\/strong><\/p>\n<p>Relativamente \u00e0 iniciativa que cont\u00e9m medidas fiscais, o PS, Livre PCP e BE votaram contra. O Chega, PAN e JPP abstiveram-se.<\/p>\n<p>Em rela\u00e7\u00e3o \u00e0 proposta para autorizar a revis\u00e3o do regime aplic\u00e1vel ao licenciamento de opera\u00e7\u00f5es urban\u00edsticas, e a alterar o regime jur\u00eddico da urbaniza\u00e7\u00e3o e da edifica\u00e7\u00e3o, e o regime jur\u00eddico da reabilita\u00e7\u00e3o urbana, o PCP, o Livre, o PAN e o BE votaram contra. O PS, o Chega e o JPP abstiveram-se.<\/p>\n<p>Todos os projetos de lei apresentados pelos partidos da oposi\u00e7\u00e3o chumbaram.<\/p>\n<p>O Chega apresentou uma iniciativa para reduzir o IVA na constru\u00e7\u00e3o de habita\u00e7\u00e3o e outra para isentar de IMI os im\u00f3veis destinados a habita\u00e7\u00e3o pr\u00f3pria e permanente, com um valor patrimonial tribut\u00e1rio at\u00e9 350.000 euros.<\/p>\n<p>O Livre viu rejeitado um projeto de lei que define limites m\u00e1ximos de valor de renda em contratos de arrendamento habitacional, e outro que estabelece o zonamento inclusivo para uma quota de habita\u00e7\u00e3o p\u00fablica nas opera\u00e7\u00f5es urban\u00edsticas.<\/p>\n<p>Tamb\u00e9m foi chumbado um projeto de lei da IL para reformar a constru\u00e7\u00e3o e aumentar a oferta de habita\u00e7\u00e3o.<\/p>\n<p>O PS apresentou um projeto destinado a refor\u00e7ar o acesso \u00e0 habita\u00e7\u00e3o permanente e de combate \u00e0 especula\u00e7\u00e3o imobili\u00e1ria, que desce diretamente \u00e0 especialidade, n\u00e3o tendo sido votado na generalidade depois de a bancada ter apresentado um requerimento nesse sentido.<\/p>\n","protected":false},"excerpt":{"rendered":"Habita\u00e7\u00e3o \u00daltima hora As propostas de lei do pacote de habita\u00e7\u00e3o do Governo foram aprovadas hoje na generalidade&hellip;\n","protected":false},"author":2,"featured_media":222198,"comment_status":"","ping_status":"","sticky":false,"template":"","format":"standard","meta":{"footnotes":""},"categories":[8],"tags":[27,28,15,16,14,25,26,21,22,12,13,19,20,32,23,24,33,17,18,29,30,31],"class_list":{"0":"post-222197","1":"post","2":"type-post","3":"status-publish","4":"format-standard","5":"has-post-thumbnail","7":"category-principais-noticias","8":"tag-breaking-news","9":"tag-breakingnews","10":"tag-featured-news","11":"tag-featurednews","12":"tag-headlines","13":"tag-latest-news","14":"tag-latestnews","15":"tag-main-news","16":"tag-mainnews","17":"tag-news","18":"tag-noticias","19":"tag-noticias-principais","20":"tag-noticiasprincipais","21":"tag-portugal","22":"tag-principais-noticias","23":"tag-principaisnoticias","24":"tag-pt","25":"tag-top-stories","26":"tag-topstories","27":"tag-ultimas","28":"tag-ultimas-noticias","29":"tag-ultimasnoticias"},"share_on_mastodon":{"url":"https:\/\/pubeurope.com\/@pt\/115865754304756857","error":""},"_links":{"self":[{"href":"https:\/\/www.europesays.com\/pt\/wp-json\/wp\/v2\/posts\/222197","targetHints":{"allow":["GET"]}}],"collection":[{"href":"https:\/\/www.europesays.com\/pt\/wp-json\/wp\/v2\/posts"}],"about":[{"href":"https:\/\/www.europesays.com\/pt\/wp-json\/wp\/v2\/types\/post"}],"author":[{"embeddable":true,"href":"https:\/\/www.europesays.com\/pt\/wp-json\/wp\/v2\/users\/2"}],"replies":[{"embeddable":true,"href":"https:\/\/www.europesays.com\/pt\/wp-json\/wp\/v2\/comments?post=222197"}],"version-history":[{"count":0,"href":"https:\/\/www.europesays.com\/pt\/wp-json\/wp\/v2\/posts\/222197\/revisions"}],"wp:featuredmedia":[{"embeddable":true,"href":"https:\/\/www.europesays.com\/pt\/wp-json\/wp\/v2\/media\/222198"}],"wp:attachment":[{"href":"https:\/\/www.europesays.com\/pt\/wp-json\/wp\/v2\/media?parent=222197"}],"wp:term":[{"taxonomy":"category","embeddable":true,"href":"https:\/\/www.europesays.com\/pt\/wp-json\/wp\/v2\/categories?post=222197"},{"taxonomy":"post_tag","embeddable":true,"href":"https:\/\/www.europesays.com\/pt\/wp-json\/wp\/v2\/tags?post=222197"}],"curies":[{"name":"wp","href":"https:\/\/api.w.org\/{rel}","templated":true}]}}