{"id":222217,"date":"2026-01-09T15:21:07","date_gmt":"2026-01-09T15:21:07","guid":{"rendered":"https:\/\/www.europesays.com\/pt\/222217\/"},"modified":"2026-01-09T15:21:07","modified_gmt":"2026-01-09T15:21:07","slug":"esconda-la-esse-piano-que-tem-na-boca","status":"publish","type":"post","link":"https:\/\/www.europesays.com\/pt\/222217\/","title":{"rendered":"Esconda l\u00e1 esse piano que tem na boca&#8230;"},"content":{"rendered":"<p>Filipe Delgado foi protagonista de um novo momento hilariante na manh\u00e3 desta sexta-feira, 9 de janeiro, na Base da \u20181\u00aa Companhia\u2019. Os recrutas estavam na parada e, a dada altura, perante a ordem do Instrutor Marques, o cabeleireiro cometeu um \u201cerro\u201d.<\/p>\n<p>O superior ordenou que todos dessem \u201cum passo em frente\u201d mas sem passar a linha branca e Filipe Delgado acabou por agir de forma errada.<\/p>\n<p>Alertado de imediato pelo Instrutor Marques, o tamb\u00e9m cantor soltou um sorriso e recebeu de imediato um reparo. <strong>\u201cOh Filipe, fa\u00e7a l\u00e1 um passo \u00e0 retaguarda, voc\u00ea passou a linha branca. S\u00f3 voc\u00ea \u00e9 que est\u00e1 bem?\u201d<\/strong>, disse. <strong>\u201cDesculpe\u201d<\/strong>, reagiu Filipe Delgado, entre risos.<\/p>\n<p>Perante o impulso do concorrente ao rir, o superior acrescentou ainda: <strong>\u201cEsconda l\u00e1 esse piano que tem na boca. S\u00e9rio! Cabe\u00e7a erguida!\u201d<\/strong>, afirmou.<\/p>\n<p><a href=\"https:\/\/tvi.iol.pt\/primeiracompanhia\/video\/instrutor-nao-perdoa-risos-de-filipe-delgado-esconda-la-esse-piano-que-tem-na-boca\/6960ee710cf2b450a1467443\" target=\"_blank\" rel=\"noopener nofollow\">Veja aqui o momento.<\/a><\/p>\n<blockquote class=\"instagram-media\" style=\"background: #FFF; border: 0; border-radius: 3px; box-shadow: 0 0 1px 0 rgba(0,0,0,0.5),0 1px 10px 0 rgba(0,0,0,0.15); margin: 1px; max-width: 540px; min-width: 326px; padding: 0; width: calc(100% - 2px);\" data-instgrm-captioned=\"\" data-instgrm-permalink=\"https:\/\/www.instagram.com\/reel\/DTSiNsQDHAi\/?utm_source=ig_embed&amp;utm_campaign=loading\" data-instgrm-version=\"14\">\n<\/blockquote>\n<p>\t\t\t\t\t\t\t\t\t\t\t\t\t\t\t\t\t\t\t\t\t\t\t\t\t\t\t<script async src=\"\/\/www.instagram.com\/embed.js\"><\/script><\/p>\n","protected":false},"excerpt":{"rendered":"Filipe Delgado foi protagonista de um novo momento hilariante na manh\u00e3 desta sexta-feira, 9 de janeiro, na Base&hellip;\n","protected":false},"author":2,"featured_media":222218,"comment_status":"","ping_status":"","sticky":false,"template":"","format":"standard","meta":{"footnotes":""},"categories":[142],"tags":[41804,114,115,41621,42893,32,33,151],"class_list":{"0":"post-222217","1":"post","2":"type-post","3":"status-publish","4":"format-standard","5":"has-post-thumbnail","7":"category-tv","8":"tag-1u00aa-companhia","9":"tag-entertainment","10":"tag-entretenimento","11":"tag-filipe-delgado","12":"tag-instrutor","13":"tag-portugal","14":"tag-pt","15":"tag-tv"},"share_on_mastodon":{"url":"https:\/\/pubeurope.com\/@pt\/115865825059525611","error":""},"_links":{"self":[{"href":"https:\/\/www.europesays.com\/pt\/wp-json\/wp\/v2\/posts\/222217","targetHints":{"allow":["GET"]}}],"collection":[{"href":"https:\/\/www.europesays.com\/pt\/wp-json\/wp\/v2\/posts"}],"about":[{"href":"https:\/\/www.europesays.com\/pt\/wp-json\/wp\/v2\/types\/post"}],"author":[{"embeddable":true,"href":"https:\/\/www.europesays.com\/pt\/wp-json\/wp\/v2\/users\/2"}],"replies":[{"embeddable":true,"href":"https:\/\/www.europesays.com\/pt\/wp-json\/wp\/v2\/comments?post=222217"}],"version-history":[{"count":0,"href":"https:\/\/www.europesays.com\/pt\/wp-json\/wp\/v2\/posts\/222217\/revisions"}],"wp:featuredmedia":[{"embeddable":true,"href":"https:\/\/www.europesays.com\/pt\/wp-json\/wp\/v2\/media\/222218"}],"wp:attachment":[{"href":"https:\/\/www.europesays.com\/pt\/wp-json\/wp\/v2\/media?parent=222217"}],"wp:term":[{"taxonomy":"category","embeddable":true,"href":"https:\/\/www.europesays.com\/pt\/wp-json\/wp\/v2\/categories?post=222217"},{"taxonomy":"post_tag","embeddable":true,"href":"https:\/\/www.europesays.com\/pt\/wp-json\/wp\/v2\/tags?post=222217"}],"curies":[{"name":"wp","href":"https:\/\/api.w.org\/{rel}","templated":true}]}}