{"id":222219,"date":"2026-01-09T15:22:08","date_gmt":"2026-01-09T15:22:08","guid":{"rendered":"https:\/\/www.europesays.com\/pt\/222219\/"},"modified":"2026-01-09T15:22:08","modified_gmt":"2026-01-09T15:22:08","slug":"olivia-rodrigo-celebra-quinto-aniversario-de-drivers-license-com-versao-gravada-por-david-byrne-ouca-aqui","status":"publish","type":"post","link":"https:\/\/www.europesays.com\/pt\/222219\/","title":{"rendered":"Olivia Rodrigo celebra quinto anivers\u00e1rio de \u201cDrivers License\u201d com vers\u00e3o gravada por David Byrne: ou\u00e7a aqui"},"content":{"rendered":"<p dir=\"ltr\">Olivia Rodrigo partilhou uma vers\u00e3o de \u201cDrivers License\u201d gravada por David Byrne para celebrar o quinto anivers\u00e1rio do tema. A artista norte-americana anunciou ainda a reedi\u00e7\u00e3o especial do \u00e1lbum \u201cSour\u201d, lan\u00e7ado em 2021.<\/p>\n<p dir=\"ltr\">Numa publica\u00e7\u00e3o no Instagram, Olivia Rodrigo descreveu David Byrne como \u201cum dos meus her\u00f3is de sempre\u201d. \u201cNa verdade, chorei quando ouvi a vers\u00e3o dele desta can\u00e7\u00e3o\u201d, confessou a cantora.<\/p>\n<p dir=\"ltr\">A vers\u00e3o do vocalista dos Talking Heads \u00e9 a primeira a ser revelada de uma s\u00e9rie de vers\u00f5es especiais gravadas para celebrar o quinto anivers\u00e1rio do disco \u201cSour\u201d.\u00a0<\/p>\n<p dir=\"ltr\">O tema ser\u00e1 editado em vinil e vai contar ainda com a vers\u00e3o ao vivo de \u201cBurning Down The House\u201d, dos Talking Heads, interpretada por Olivia Rodrigo e David Byrne durante o concerto no Governors Ball, em Nova Iorque, no ver\u00e3o de 2025.<\/p>\n<p dir=\"ltr\">Nas redes sociais, a artista celebrou tamb\u00e9m o anivers\u00e1rio de \u201cDrivers License\u201d com uma publica\u00e7\u00e3o especial: \u201cFeliz quinto anivers\u00e1rio de \u2018drivers license\u2019!!! A olhar para estas fotos sinto que pare\u00e7o um beb\u00e9, mas ao mesmo tempo parece que foi ontem. Esta can\u00e7\u00e3o mudou completamente a minha vida de formas que ainda n\u00e3o consigo compreender totalmente. Sinto-me eternamente grata por este cap\u00edtulo m\u00e1gico e mal posso esperar para gritar \u2018red lights, stop signs\u2019 convosco em todos os concertos que fizer para o resto da minha vida! Feliz anivers\u00e1rio\u201d.<\/p>\n<p>\u00a0<\/p>\n","protected":false},"excerpt":{"rendered":"Olivia Rodrigo partilhou uma vers\u00e3o de \u201cDrivers License\u201d gravada por David Byrne para celebrar o quinto anivers\u00e1rio do&hellip;\n","protected":false},"author":2,"featured_media":222220,"comment_status":"","ping_status":"","sticky":false,"template":"","format":"standard","meta":{"footnotes":""},"categories":[141],"tags":[114,115,149,150,32,33],"class_list":{"0":"post-222219","1":"post","2":"type-post","3":"status-publish","4":"format-standard","5":"has-post-thumbnail","7":"category-musica","8":"tag-entertainment","9":"tag-entretenimento","10":"tag-music","11":"tag-musica","12":"tag-portugal","13":"tag-pt"},"share_on_mastodon":{"url":"https:\/\/pubeurope.com\/@pt\/115865829169242223","error":""},"_links":{"self":[{"href":"https:\/\/www.europesays.com\/pt\/wp-json\/wp\/v2\/posts\/222219","targetHints":{"allow":["GET"]}}],"collection":[{"href":"https:\/\/www.europesays.com\/pt\/wp-json\/wp\/v2\/posts"}],"about":[{"href":"https:\/\/www.europesays.com\/pt\/wp-json\/wp\/v2\/types\/post"}],"author":[{"embeddable":true,"href":"https:\/\/www.europesays.com\/pt\/wp-json\/wp\/v2\/users\/2"}],"replies":[{"embeddable":true,"href":"https:\/\/www.europesays.com\/pt\/wp-json\/wp\/v2\/comments?post=222219"}],"version-history":[{"count":0,"href":"https:\/\/www.europesays.com\/pt\/wp-json\/wp\/v2\/posts\/222219\/revisions"}],"wp:featuredmedia":[{"embeddable":true,"href":"https:\/\/www.europesays.com\/pt\/wp-json\/wp\/v2\/media\/222220"}],"wp:attachment":[{"href":"https:\/\/www.europesays.com\/pt\/wp-json\/wp\/v2\/media?parent=222219"}],"wp:term":[{"taxonomy":"category","embeddable":true,"href":"https:\/\/www.europesays.com\/pt\/wp-json\/wp\/v2\/categories?post=222219"},{"taxonomy":"post_tag","embeddable":true,"href":"https:\/\/www.europesays.com\/pt\/wp-json\/wp\/v2\/tags?post=222219"}],"curies":[{"name":"wp","href":"https:\/\/api.w.org\/{rel}","templated":true}]}}