{"id":222221,"date":"2026-01-09T15:23:09","date_gmt":"2026-01-09T15:23:09","guid":{"rendered":"https:\/\/www.europesays.com\/pt\/222221\/"},"modified":"2026-01-09T15:23:09","modified_gmt":"2026-01-09T15:23:09","slug":"homem-aranha-vai-reunir-seus-3-viloes-mais-iconicos-apos-13-anos","status":"publish","type":"post","link":"https:\/\/www.europesays.com\/pt\/222221\/","title":{"rendered":"Homem-Aranha vai reunir seus 3 vil\u00f5es mais ic\u00f4nicos ap\u00f3s 13 anos"},"content":{"rendered":"<p>Seu Amig\u00e3o da Vizinhan\u00e7a Homem-Aranha prepara um dos maiores eventos da hist\u00f3ria recente do personagem. A segunda temporada da anima\u00e7\u00e3o, prevista para estrear no <a href=\"https:\/\/tangerina.uol.com.br\/filmes-series\/serie-do-disney-plus-participacoes-decisivas-antes-de-vingadores-5\/\" target=\"_blank\" rel=\"noreferrer noopener nofollow\">Disney+<\/a> em 2026, vai colocar em cena tr\u00eas dos vil\u00f5es mais emblem\u00e1ticos do universo do Peter Parker em uma mesma hist\u00f3ria, algo que n\u00e3o acontece h\u00e1 mais de uma d\u00e9cada. A novidade j\u00e1 vem sendo tratada como um marco para a s\u00e9rie da <a href=\"https:\/\/tangerina.uol.com.br\/filmes-series\/vingadores-doutor-destino-repete-feito-marvel-mostrou-em-2022\/\" target=\"_blank\" rel=\"noreferrer noopener nofollow\">Marvel<\/a>.<\/p>\n<p>Desde a primeira temporada, a produ\u00e7\u00e3o j\u00e1 havia apresentado suas vers\u00f5es de Norman Osborn e do Doutor Octopus como for\u00e7as centrais da narrativa. Agora, a chegada de Venom eleva o n\u00edvel da amea\u00e7a e transforma a nova fase da s\u00e9rie em um verdadeiro evento para os f\u00e3s do her\u00f3i. A presen\u00e7a do simbionte foi confirmada oficialmente ainda em outubro de 2025, durante a New York Comic Con.<\/p>\n<p><img alt=\"Cena de Seu Amig\u00e3o da Vizinhan\u00e7a Homem-Aranha\" src=\"data:image\/gif;base64,R0lGODlhAQABAIAAAAAAAP\/\/\/yH5BAEAAAAALAAAAAABAAEAAAIBRAA7\" decoding=\"async\" style=\"position:absolute;top:0;left:0;bottom:0;right:0;box-sizing:border-box;padding:0;border:none;margin:auto;display:block;width:0;height:0;min-width:100%;max-width:100%;min-height:100%;max-height:100%\"\/><\/p>\n<p font-weight=\"500\" font-size=\"14px\" class=\"style__Typo-sc-1e1gvva-0 ezCJRb\">Peter Parker e Norman Osborn na s\u00e9rie do Disney+<\/p>\n<p font-weight=\"300\" font-size=\"14px\" class=\"style__Typo-sc-1e1gvva-0 fvAQOT\">(Foto: Divulga\u00e7\u00e3o\/Disney+)<\/p>\n<p>Com isso, o Homem-Aranha animado volta a reunir Duende Verde, Doutor Octopus e Venom em uma mesma trama, algo que n\u00e3o acontecia desde 2013. Na \u00e9poca, o encontro ocorreu em um epis\u00f3dio da anima\u00e7\u00e3o <strong>Ultimate Spider-Man (2012-2017)<\/strong>, que ficou marcada como a \u00faltima vez em que os tr\u00eas vil\u00f5es dividiram a tela de forma direta. Desde ent\u00e3o, o trio nunca mais foi explorado junto em s\u00e9ries ou filmes.<\/p>\n<p>Mesmo em <strong>Homem-Aranha: Sem Volta para Casa (2021)<\/strong>, a reuni\u00e3o ficou incompleta. Embora Duende Verde (Willem Dafoe) e Doutor Octopus (Alfred Molina) tenham sido pe\u00e7as centrais do longa, Venom (Tom Hardy) apareceu apenas em uma cena p\u00f3s-cr\u00e9ditos, sem intera\u00e7\u00e3o com os outros antagonistas da hist\u00f3ria. Isso manteve a aus\u00eancia de um confronto completo entre os tr\u00eas por mais de uma d\u00e9cada.<\/p>\n<p><img alt=\"Cena de Seu Amig\u00e3o da Vizinhan\u00e7a Homem-Aranha, da Marvel\" src=\"data:image\/gif;base64,R0lGODlhAQABAIAAAAAAAP\/\/\/yH5BAEAAAAALAAAAAABAAEAAAIBRAA7\" decoding=\"async\" style=\"position:absolute;top:0;left:0;bottom:0;right:0;box-sizing:border-box;padding:0;border:none;margin:auto;display:block;width:0;height:0;min-width:100%;max-width:100%;min-height:100%;max-height:100%\"\/><\/p>\n<p font-weight=\"500\" font-size=\"14px\" class=\"style__Typo-sc-1e1gvva-0 ezCJRb\">Homem-Aranha vai enfrentar nova vers\u00e3o do simbionte<\/p>\n<p font-weight=\"300\" font-size=\"14px\" class=\"style__Typo-sc-1e1gvva-0 fvAQOT\">(Foto: Divulga\u00e7\u00e3o\/Disney+)<\/p>\n<p>Homem-Aranha vai ter prato cheio<\/p>\n<p>Na nova temporada da s\u00e9rie do Disney+, o simbionte surge inicialmente em sua forma alien\u00edgena, circulando pela Oscorp, o que indica uma liga\u00e7\u00e3o direta com Norman Osborn. A expectativa \u00e9 que essa conex\u00e3o seja o ponto de partida para transformar Venom em uma amea\u00e7a \u00e0 altura dos outros dois vil\u00f5es, colocando Peter Parker diante de seu maior desafio at\u00e9 agora.<\/p>\n<p>Al\u00e9m do trio principal, a segunda temporada tamb\u00e9m amplia o leque de antagonistas. Personagens como Escorpi\u00e3o e Camale\u00e3o est\u00e3o confirmados e devem refor\u00e7ar o clima de perigo constante, consolidando a anima\u00e7\u00e3o como uma das vers\u00f5es mais ambiciosas do Homem-Aranha j\u00e1 produzidas para a televis\u00e3o.<\/p>\n<p><img alt=\"Doutor Octopus em cena de Seu Amig\u00e3o da Vizinhan\u00e7a Homem-Aranha\" src=\"data:image\/gif;base64,R0lGODlhAQABAIAAAAAAAP\/\/\/yH5BAEAAAAALAAAAAABAAEAAAIBRAA7\" decoding=\"async\" style=\"position:absolute;top:0;left:0;bottom:0;right:0;box-sizing:border-box;padding:0;border:none;margin:auto;display:block;width:0;height:0;min-width:100%;max-width:100%;min-height:100%;max-height:100%\"\/><\/p>\n<p font-weight=\"500\" font-size=\"14px\" class=\"style__Typo-sc-1e1gvva-0 ezCJRb\">Doutor Octopus em cena de Seu Amig\u00e3o da Vizinhan\u00e7a Homem-Aranha<\/p>\n<p font-weight=\"300\" font-size=\"14px\" class=\"style__Typo-sc-1e1gvva-0 fvAQOT\">(Foto: Divulga\u00e7\u00e3o\/Disney+)<\/p>\n<p>Com esse conjunto de vil\u00f5es, Seu Amig\u00e3o da Vizinhan\u00e7a Homem-Aranha se posiciona como um dos projetos mais ousados da Marvel fora do cinema. A reuni\u00e3o de Duende Verde, Doutor Octopus e Venom n\u00e3o apenas resgata um feito raro da franquia, como tamb\u00e9m eleva o patamar da s\u00e9rie animada, transformando a estreia de 2026 em um dos momentos mais aguardados do universo do Peter Parker. <\/p>\n<p>A primeira temporada de Seu Amig\u00e3o da Vizinhan\u00e7a Homem-Aranha est\u00e1 dispon\u00edvel no Disney+. A s\u00e9rie da Marvel alcan\u00e7ou 97% de aprova\u00e7\u00e3o dos cr\u00edticos no <a href=\"https:\/\/www.rottentomatoes.com\/tv\/your_friendly_neighborhood_spider_man\" target=\"_blank\" rel=\"noreferrer noopener nofollow\">Rotten Tomatoes<\/a>. Assista abaixo ao trailer da anima\u00e7\u00e3o:<\/p>\n","protected":false},"excerpt":{"rendered":"Seu Amig\u00e3o da Vizinhan\u00e7a Homem-Aranha prepara um dos maiores eventos da hist\u00f3ria recente do personagem. A segunda temporada&hellip;\n","protected":false},"author":2,"featured_media":222222,"comment_status":"","ping_status":"","sticky":false,"template":"","format":"standard","meta":{"footnotes":""},"categories":[140],"tags":[1579,114,115,147,148,5814,792,146,32,33],"class_list":{"0":"post-222221","1":"post","2":"type-post","3":"status-publish","4":"format-standard","5":"has-post-thumbnail","7":"category-filmes","8":"tag-disney","9":"tag-entertainment","10":"tag-entretenimento","11":"tag-film","12":"tag-filmes","13":"tag-homem-aranha","14":"tag-marvel","15":"tag-movies","16":"tag-portugal","17":"tag-pt"},"share_on_mastodon":{"url":"https:\/\/pubeurope.com\/@pt\/115865833652242686","error":""},"_links":{"self":[{"href":"https:\/\/www.europesays.com\/pt\/wp-json\/wp\/v2\/posts\/222221","targetHints":{"allow":["GET"]}}],"collection":[{"href":"https:\/\/www.europesays.com\/pt\/wp-json\/wp\/v2\/posts"}],"about":[{"href":"https:\/\/www.europesays.com\/pt\/wp-json\/wp\/v2\/types\/post"}],"author":[{"embeddable":true,"href":"https:\/\/www.europesays.com\/pt\/wp-json\/wp\/v2\/users\/2"}],"replies":[{"embeddable":true,"href":"https:\/\/www.europesays.com\/pt\/wp-json\/wp\/v2\/comments?post=222221"}],"version-history":[{"count":0,"href":"https:\/\/www.europesays.com\/pt\/wp-json\/wp\/v2\/posts\/222221\/revisions"}],"wp:featuredmedia":[{"embeddable":true,"href":"https:\/\/www.europesays.com\/pt\/wp-json\/wp\/v2\/media\/222222"}],"wp:attachment":[{"href":"https:\/\/www.europesays.com\/pt\/wp-json\/wp\/v2\/media?parent=222221"}],"wp:term":[{"taxonomy":"category","embeddable":true,"href":"https:\/\/www.europesays.com\/pt\/wp-json\/wp\/v2\/categories?post=222221"},{"taxonomy":"post_tag","embeddable":true,"href":"https:\/\/www.europesays.com\/pt\/wp-json\/wp\/v2\/tags?post=222221"}],"curies":[{"name":"wp","href":"https:\/\/api.w.org\/{rel}","templated":true}]}}