{"id":222232,"date":"2026-01-09T15:30:07","date_gmt":"2026-01-09T15:30:07","guid":{"rendered":"https:\/\/www.europesays.com\/pt\/222232\/"},"modified":"2026-01-09T15:30:07","modified_gmt":"2026-01-09T15:30:07","slug":"decisao-do-governo-ps-ou-omissao","status":"publish","type":"post","link":"https:\/\/www.europesays.com\/pt\/222232\/","title":{"rendered":"decis\u00e3o do governo PS ou omiss\u00e3o?"},"content":{"rendered":"\n<p>\u201cOra, <strong>esqueceu-se de dizer ou omitiu, que esse concurso foi uma decis\u00e3o de uma resolu\u00e7\u00e3o do Conselho de Ministros de 2023, do dia 29 de novembro, uma resolu\u00e7\u00e3o de um governo do Partido Socialista\u201d<\/strong>, disse esta sexta-feira Jos\u00e9 Lu\u00eds Carneiro.<\/p>\n<p>\u201cDepois, o atual Governo fez uma revis\u00e3o a esta decis\u00e3o no dia 29 de agosto de 2024. A pergunta que h\u00e1 a fazer \u00e9: porque \u00e9 que s\u00f3 agora, ao fim de tanto tempo, se est\u00e1 a anunciar a ida para concurso das ambul\u00e2ncias para a emerg\u00eancia m\u00e9dica\u201d, acrescentou.<\/p>\n<p>\u201cO primeiro-ministro deve uma resposta ao pa\u00eds. <strong>Ele foi enganado por parte dos servi\u00e7os e, se foi enganado, o que \u00e9 que vai fazer para assumir responsabilidades e para esse servi\u00e7o assumir responsabilidades, ou tinha conhecimento e decidiu omitir esta informa\u00e7\u00e3o e, se o fez, faltou \u00e0 verdade ao parlamento e isso \u00e9 muito grave\u201d<\/strong>, defendeu Jos\u00e9 Lu\u00eds Carneiro aos jornalistas na Assembleia da Rep\u00fablica.<\/p>\n<p>O l\u00edder socialista argumentou que mentir ao parlamento \u201cnos Estados Unidos da Am\u00e9rica dava um \u2018impeachment\u2019 [processo com vista \u00e0 destitui\u00e7\u00e3o] do Presidente\u201d e que tal \u201c\u00e9 inaceit\u00e1vel num democracia qualificada\u201d.<\/p>\n<p>Durante esta semana, pelo menos tr\u00eas pessoas morreram depois de terem ligado para o INEM a pedir socorro e os meios n\u00e3o terem chegado a tempo. O INEM, que abriu uma auditoria sobre os casos, apontou a falta de meios e a reten\u00e7\u00e3o de macas nos hospitais. O IGAS j\u00e1 abriu inqu\u00e9ritos \u00e0s tr\u00eas situa\u00e7\u00f5es.<\/p>\n","protected":false},"excerpt":{"rendered":"\u201cOra, esqueceu-se de dizer ou omitiu, que esse concurso foi uma decis\u00e3o de uma resolu\u00e7\u00e3o do Conselho de&hellip;\n","protected":false},"author":2,"featured_media":222233,"comment_status":"","ping_status":"","sticky":false,"template":"","format":"standard","meta":{"footnotes":""},"categories":[10],"tags":[42771,27,28,15,16,14,7923,2433,25,26,1447,21,22,12,13,19,20,32,23,24,33,2649,17,18,29,30,31],"class_list":{"0":"post-222232","1":"post","2":"type-post","3":"status-publish","4":"format-standard","5":"has-post-thumbnail","7":"category-portugal","8":"tag-ambulancias","9":"tag-breaking-news","10":"tag-breakingnews","11":"tag-featured-news","12":"tag-featurednews","13":"tag-headlines","14":"tag-inem","15":"tag-jose-luis-carneiro","16":"tag-latest-news","17":"tag-latestnews","18":"tag-luis-montenegro","19":"tag-main-news","20":"tag-mainnews","21":"tag-news","22":"tag-noticias","23":"tag-noticias-principais","24":"tag-noticiasprincipais","25":"tag-portugal","26":"tag-principais-noticias","27":"tag-principaisnoticias","28":"tag-pt","29":"tag-sns","30":"tag-top-stories","31":"tag-topstories","32":"tag-ultimas","33":"tag-ultimas-noticias","34":"tag-ultimasnoticias"},"share_on_mastodon":{"url":"https:\/\/pubeurope.com\/@pt\/115865860517537853","error":""},"_links":{"self":[{"href":"https:\/\/www.europesays.com\/pt\/wp-json\/wp\/v2\/posts\/222232","targetHints":{"allow":["GET"]}}],"collection":[{"href":"https:\/\/www.europesays.com\/pt\/wp-json\/wp\/v2\/posts"}],"about":[{"href":"https:\/\/www.europesays.com\/pt\/wp-json\/wp\/v2\/types\/post"}],"author":[{"embeddable":true,"href":"https:\/\/www.europesays.com\/pt\/wp-json\/wp\/v2\/users\/2"}],"replies":[{"embeddable":true,"href":"https:\/\/www.europesays.com\/pt\/wp-json\/wp\/v2\/comments?post=222232"}],"version-history":[{"count":0,"href":"https:\/\/www.europesays.com\/pt\/wp-json\/wp\/v2\/posts\/222232\/revisions"}],"wp:featuredmedia":[{"embeddable":true,"href":"https:\/\/www.europesays.com\/pt\/wp-json\/wp\/v2\/media\/222233"}],"wp:attachment":[{"href":"https:\/\/www.europesays.com\/pt\/wp-json\/wp\/v2\/media?parent=222232"}],"wp:term":[{"taxonomy":"category","embeddable":true,"href":"https:\/\/www.europesays.com\/pt\/wp-json\/wp\/v2\/categories?post=222232"},{"taxonomy":"post_tag","embeddable":true,"href":"https:\/\/www.europesays.com\/pt\/wp-json\/wp\/v2\/tags?post=222232"}],"curies":[{"name":"wp","href":"https:\/\/api.w.org\/{rel}","templated":true}]}}